{"id":326405,"date":"2025-07-24T15:29:09","date_gmt":"2025-07-24T12:29:09","guid":{"rendered":"https:\/\/sana.sy\/tr\/?p=326405"},"modified":"2025-07-24T15:29:09","modified_gmt":"2025-07-24T12:29:09","slug":"suudi-arabistan-yatirim-bakanligi-cevher-kulesi-projesi-samin-kalbinde-onemli-bir-yatirim-hamlesi","status":"publish","type":"post","link":"https:\/\/archive.sana.sy\/tr\/?p=326405","title":{"rendered":"Suudi Arabistan Yat\u0131r\u0131m Bakanl\u0131\u011f\u0131: Cevher Kulesi Projesi, \u015eam\u2019\u0131n Kalbinde \u00d6nemli Bir Yat\u0131r\u0131m Hamlesi"},"content":{"rendered":"<p style=\"text-align: justify;\"><span style=\"color: #800000;\"><strong>R\u0130YAD (SANA) &#8211;<\/strong> <\/span>Suudi Arabistan Yat\u0131r\u0131m Bakanl\u0131\u011f\u0131, \u015eam \u015fehir merkezinde in\u015fa edilecek Cevher Kulesi projesinin b\u00f6lgedeki en \u00f6nde gelen gayrimenkul projelerinden biri oldu\u011funu ve bunun b\u00f6lgesel ortakl\u0131klar ile umut vadeden yat\u0131r\u0131mlar\u0131n ba\u015flang\u0131c\u0131 olaca\u011f\u0131n\u0131 teyit etti.<\/p>\n<p style=\"text-align: justify;\">Bakanl\u0131k yapt\u0131\u011f\u0131 a\u00e7\u0131klamada, projenin Suudi Arabistan ve Suriye aras\u0131nda b\u00fct\u00fcnle\u015fik bir yat\u0131r\u0131m modeli sundu\u011funu; i\u015f, konaklama ve perakende sekt\u00f6rlerini tek bir noktada birle\u015ftirdi\u011fini belirtti. Proje, 25 bin metrekareyi a\u015fan bir alan \u00fczerinde in\u015fa edilecek ve 375 milyon Suudi riyali tutar\u0131nda yat\u0131r\u0131m maliyetine sahip olacak.<\/p>\n<p style=\"text-align: justify;\">Kule, 32 kattan olu\u015facak \u015fekilde planlanm\u0131\u015f olup, 6.500 metrekarelik alanda idari ofisleri, 15 katl\u0131k i\u015f merkezlerini, 4.200 metrekarelik otopark alan\u0131n\u0131 ve 1.300 metrekarelik perakende sat\u0131\u015f ma\u011fazalar\u0131n\u0131 i\u00e7erecek. Ayr\u0131ca, 6.500 metrekarelik alanda l\u00fcks standartlarda hizmet verecek otel birimleri ve 15 kata yay\u0131lm\u0131\u015f konaklama alanlar\u0131 yer alacak. Projede, \u015eam manzaras\u0131na sahip panoramik bir restoran da bulunacak.<\/p>\n<p style=\"text-align: justify;\">D\u00fcn, Suriye Ekonomi ve Sanayi Bakan\u0131\u00a0 Muhammed Nidal \u015eaar ile Suudi Arabistan Yat\u0131r\u0131m Bakan\u0131 Halid bin Abd\u00fclaziz el-Falih, \u015eam\u2019\u0131n Bahsa semtinde bulunan Cevher Kulesi projesinin temel atma t\u00f6renini ger\u00e7ekle\u015ftirdi.<\/p>\n<p style=\"text-align: justify;\">Bug\u00fcn ise Say\u0131n Cumhurba\u015fkan\u0131 Say\u0131n Ahmed \u015eara ba\u015fkanl\u0131\u011f\u0131nda, \u015eam\u2019daki Halk Saray\u0131\u2019nda Suriye-Suudi Arabistan Yat\u0131r\u0131m Forumu\u2019nun \u00e7al\u0131\u015fmalar\u0131 ba\u015flad\u0131. Forum kapsam\u0131nda enerji, turizm, sanayi, ticaret, gayrimenkul ve siber g\u00fcvenlik ba\u015fta olmak \u00fczere \u00e7e\u015fitli sekt\u00f6rleri kapsayan anla\u015fmalar ve mutabakat zab\u0131tlar\u0131 imzaland\u0131.<\/p>\n","protected":false},"excerpt":{"rendered":"<p>R\u0130YAD (SANA) &#8211; Suudi Arabistan Yat\u0131r\u0131m Bakanl\u0131\u011f\u0131, \u015eam \u015fehir merkezinde in\u015fa edilecek Cevher Kulesi projesinin b\u00f6lgedeki en \u00f6nde gelen gayrimenkul projelerinden biri oldu\u011funu ve bunun b\u00f6lgesel ortakl\u0131klar ile umut vadeden yat\u0131r\u0131mlar\u0131n ba\u015flang\u0131c\u0131 olaca\u011f\u0131n\u0131 teyit etti. Bakanl\u0131k yapt\u0131\u011f\u0131 a\u00e7\u0131klamada, projenin Suudi Arabistan ve Suriye aras\u0131nda b\u00fct\u00fcnle\u015fik bir yat\u0131r\u0131m modeli sundu\u011funu; i\u015f, konaklama ve perakende sekt\u00f6rlerini tek &hellip;<\/p>\n","protected":false},"author":44,"featured_media":326406,"comment_status":"closed","ping_status":"closed","sticky":false,"template":"","format":"standard","meta":{"footnotes":""},"categories":[458,589,459,17988],"tags":[44094,44093],"class_list":["post-326405","post","type-post","status-publish","format-standard","has-post-thumbnail","","category-dunya1","category-haber-seridi","category-haberler-arap-uluslararasi-politika","category-son-haberler","tag-samin-kalbinde-onemli-bir-yatirim-hamlesi","tag-suudi-arabistan-yatirim-bakanligi-cevher-kulesi-projesi"],"_links":{"self":[{"href":"https:\/\/archive.sana.sy\/tr\/index.php?rest_route=\/wp\/v2\/posts\/326405","targetHints":{"allow":["GET"]}}],"collection":[{"href":"https:\/\/archive.sana.sy\/tr\/index.php?rest_route=\/wp\/v2\/posts"}],"about":[{"href":"https:\/\/archive.sana.sy\/tr\/index.php?rest_route=\/wp\/v2\/types\/post"}],"author":[{"embeddable":true,"href":"https:\/\/archive.sana.sy\/tr\/index.php?rest_route=\/wp\/v2\/users\/44"}],"replies":[{"embeddable":true,"href":"https:\/\/archive.sana.sy\/tr\/index.php?rest_route=%2Fwp%2Fv2%2Fcomments&post=326405"}],"version-history":[{"count":1,"href":"https:\/\/archive.sana.sy\/tr\/index.php?rest_route=\/wp\/v2\/posts\/326405\/revisions"}],"predecessor-version":[{"id":326407,"href":"https:\/\/archive.sana.sy\/tr\/index.php?rest_route=\/wp\/v2\/posts\/326405\/revisions\/326407"}],"wp:featuredmedia":[{"embeddable":true,"href":"https:\/\/archive.sana.sy\/tr\/index.php?rest_route=\/wp\/v2\/media\/326406"}],"wp:attachment":[{"href":"https:\/\/archive.sana.sy\/tr\/index.php?rest_route=%2Fwp%2Fv2%2Fmedia&parent=326405"}],"wp:term":[{"taxonomy":"category","embeddable":true,"href":"https:\/\/archive.sana.sy\/tr\/index.php?rest_route=%2Fwp%2Fv2%2Fcategories&post=326405"},{"taxonomy":"post_tag","embeddable":true,"href":"https:\/\/archive.sana.sy\/tr\/index.php?rest_route=%2Fwp%2Fv2%2Ftags&post=326405"}],"curies":[{"name":"wp","href":"https:\/\/api.w.org\/{rel}","templated":true}]}}