{"id":326411,"date":"2025-07-24T16:59:07","date_gmt":"2025-07-24T13:59:07","guid":{"rendered":"https:\/\/sana.sy\/tr\/?p=326411"},"modified":"2025-07-24T17:19:16","modified_gmt":"2025-07-24T14:19:16","slug":"suriye-acil-durum-ve-afet-yonetimi-bakani-maaret-misrindeki-patlama-bolgesinde-tahliye-ve-ilk-yardim-calismalari-suruyor","status":"publish","type":"post","link":"https:\/\/archive.sana.sy\/tr\/?p=326411","title":{"rendered":"Suriye Acil Durum ve Afet Y\u00f6netimi Bakan\u0131: Maaret Misrin\u2019deki Patlama B\u00f6lgesinde Tahliye ve \u0130lk Yard\u0131m \u00c7al\u0131\u015fmalar\u0131 S\u00fcr\u00fcyor"},"content":{"rendered":"<p style=\"text-align: justify;\"><strong><span style=\"color: #ff0000;\">\u015eAM (SANA)<\/span> &#8211;<\/strong> Suriye Acil Durum ve Afet Y\u00f6netimi Bakan\u0131 Raid El Salih, \u0130dlib&#8217;in kuzey k\u0131rsal\u0131ndaki Maaret Misrin kasabas\u0131nda meydana gelen patlama b\u00f6lgesinde tahliye ve ilk yard\u0131m \u00e7al\u0131\u015fmalar\u0131n\u0131n devam etti\u011fini bildirdi. Bakan, ekiplerin tehlikeli ve karma\u015f\u0131k ko\u015fullara ra\u011fmen azami kapasiteyle \u00e7al\u0131\u015fmalar\u0131n\u0131 s\u00fcrd\u00fcrd\u00fc\u011f\u00fcn\u00fc belirtti.<\/p>\n<p style=\"text-align: justify;\">Bakan El Salih, X platformundaki hesab\u0131ndan yapt\u0131\u011f\u0131 payla\u015f\u0131mda \u015fu ifadeleri kulland\u0131:<br \/>\n&#8220;Bug\u00fcn Maaret Misrin beldesinde meydana gelen nedeni bilinmeyen patlamay\u0131 yak\u0131ndan takip ediyoruz. Olay\u0131n hemen ard\u0131ndan Suriye Sivil Savunma ekipleri (Beyaz Baretliler) b\u00f6lgeye intikal etti ve yaral\u0131lar\u0131n tahliyesi ile ilk m\u00fcdahaleleri ger\u00e7ekle\u015ftirdi. Ancak b\u00f6lgede devam eden tekrarlayan patlamalar m\u00fcdahale \u00e7al\u0131\u015fmalar\u0131n\u0131 zorla\u015ft\u0131r\u0131yor.&#8221;<\/p>\n<p style=\"text-align: justify;\">Bakan s\u00f6zlerini \u015f\u00f6yle s\u00fcrd\u00fcrd\u00fc: &#8220;\u015eu ana kadar can kayb\u0131na ili\u015fkin kesin bir bilan\u00e7o belirlenemedi. Tahliye ve ilk yard\u0131m \u00e7al\u0131\u015fmalar\u0131 devam ederken, \u0130dlib halk\u0131na patlama b\u00f6lgesine yakla\u015fmamalar\u0131 \u00e7a\u011fr\u0131s\u0131nda bulunuyoruz. Ekiplerimiz tehlikeli ve karma\u015f\u0131k ko\u015fullara ra\u011fmen azami gayretle \u00e7al\u0131\u015fmalar\u0131n\u0131 s\u00fcrd\u00fcr\u00fcyor.&#8221;<\/p>\n","protected":false},"excerpt":{"rendered":"<p>\u015eAM (SANA) &#8211; Suriye Acil Durum ve Afet Y\u00f6netimi Bakan\u0131 Raid El Salih, \u0130dlib&#8217;in kuzey k\u0131rsal\u0131ndaki Maaret Misrin kasabas\u0131nda meydana gelen patlama b\u00f6lgesinde tahliye ve ilk yard\u0131m \u00e7al\u0131\u015fmalar\u0131n\u0131n devam etti\u011fini bildirdi. Bakan, ekiplerin tehlikeli ve karma\u015f\u0131k ko\u015fullara ra\u011fmen azami kapasiteyle \u00e7al\u0131\u015fmalar\u0131n\u0131 s\u00fcrd\u00fcrd\u00fc\u011f\u00fcn\u00fc belirtti. Bakan El Salih, X platformundaki hesab\u0131ndan yapt\u0131\u011f\u0131 payla\u015f\u0131mda \u015fu ifadeleri kulland\u0131: &#8220;Bug\u00fcn &hellip;<\/p>\n","protected":false},"author":44,"featured_media":326412,"comment_status":"closed","ping_status":"closed","sticky":false,"template":"","format":"standard","meta":{"footnotes":""},"categories":[589,479,17988,478],"tags":[44096],"class_list":["post-326411","post","type-post","status-publish","format-standard","has-post-thumbnail","","category-haber-seridi","category-haberler-yerel","category-son-haberler","category-yerel","tag-suriye-acil-durum-ve-afet-yonetimi-bakani-maaret-misrindeki-patlama-bolgesinde-tahliye-ve-ilk-yardim-calismalari-suruyor"],"_links":{"self":[{"href":"https:\/\/archive.sana.sy\/tr\/index.php?rest_route=\/wp\/v2\/posts\/326411","targetHints":{"allow":["GET"]}}],"collection":[{"href":"https:\/\/archive.sana.sy\/tr\/index.php?rest_route=\/wp\/v2\/posts"}],"about":[{"href":"https:\/\/archive.sana.sy\/tr\/index.php?rest_route=\/wp\/v2\/types\/post"}],"author":[{"embeddable":true,"href":"https:\/\/archive.sana.sy\/tr\/index.php?rest_route=\/wp\/v2\/users\/44"}],"replies":[{"embeddable":true,"href":"https:\/\/archive.sana.sy\/tr\/index.php?rest_route=%2Fwp%2Fv2%2Fcomments&post=326411"}],"version-history":[{"count":2,"href":"https:\/\/archive.sana.sy\/tr\/index.php?rest_route=\/wp\/v2\/posts\/326411\/revisions"}],"predecessor-version":[{"id":326414,"href":"https:\/\/archive.sana.sy\/tr\/index.php?rest_route=\/wp\/v2\/posts\/326411\/revisions\/326414"}],"wp:featuredmedia":[{"embeddable":true,"href":"https:\/\/archive.sana.sy\/tr\/index.php?rest_route=\/wp\/v2\/media\/326412"}],"wp:attachment":[{"href":"https:\/\/archive.sana.sy\/tr\/index.php?rest_route=%2Fwp%2Fv2%2Fmedia&parent=326411"}],"wp:term":[{"taxonomy":"category","embeddable":true,"href":"https:\/\/archive.sana.sy\/tr\/index.php?rest_route=%2Fwp%2Fv2%2Fcategories&post=326411"},{"taxonomy":"post_tag","embeddable":true,"href":"https:\/\/archive.sana.sy\/tr\/index.php?rest_route=%2Fwp%2Fv2%2Ftags&post=326411"}],"curies":[{"name":"wp","href":"https:\/\/api.w.org\/{rel}","templated":true}]}}