{"id":326422,"date":"2025-07-24T17:46:53","date_gmt":"2025-07-24T14:46:53","guid":{"rendered":"https:\/\/sana.sy\/tr\/?p=326422"},"modified":"2025-07-24T17:46:53","modified_gmt":"2025-07-24T14:46:53","slug":"elektrik-iletim-ve-dagitim-kurumu-suveyda-iline-elektrik-akisinin-yeniden-saglandigini-duyurdu","status":"publish","type":"post","link":"https:\/\/archive.sana.sy\/tr\/?p=326422","title":{"rendered":"Elektrik \u0130letim Ve Da\u011f\u0131t\u0131m Kurumu, S\u00fcveyda \u0130line Elektrik Ak\u0131\u015f\u0131n\u0131n Yeniden Sa\u011fland\u0131\u011f\u0131n\u0131 Duyurdu"},"content":{"rendered":"<p style=\"text-align: justify;\"><span style=\"color: #ff0000;\"><strong>\u015eAM (SANA) &#8211;<\/strong> <\/span>Elektrik \u0130letim ve Da\u011f\u0131t\u0131m Genel Kurumu M\u00fcd\u00fcr\u00fc Halid Ebu Dey, S\u00fcveyda iline elektrik ak\u0131\u015f\u0131n\u0131n tamamen yeniden sa\u011fland\u0131\u011f\u0131n\u0131 duyurdu. Bu geli\u015fme, ilin temel enerji hatlar\u0131ndan biri olan 66 kV y\u00fcksek gerilim hatt\u0131 (Museyfere\u2013Kum) \u00fczerindeki bak\u0131m \u00e7al\u0131\u015fmalar\u0131n\u0131n tamamlanmas\u0131n\u0131n ard\u0131ndan ger\u00e7ekle\u015fti.<\/p>\n<p style=\"text-align: justify;\">Ebu Dey bug\u00fcn yapt\u0131\u011f\u0131 a\u00e7\u0131klamada, \u201cBu ba\u015far\u0131, Elektrik \u0130letim ve Da\u011f\u0131t\u0131m Genel Kurumu ekiplerinin, S\u00fcveyda \u0130\u015fletme Dairesi ile yak\u0131n i\u015f birli\u011fi i\u00e7inde ger\u00e7ekle\u015ftirdi\u011fi \u00e7abalar\u0131n bir sonucudur. Teknik ekipler, zorlu saha ve teknik ko\u015fullara ra\u011fmen g\u00f6revlerini k\u0131sa s\u00fcrede tamamlamak i\u00e7in 24 saat esas\u0131na g\u00f6re \u00e7al\u0131\u015ft\u0131\u201d dedi.<\/p>\n<p style=\"text-align: justify;\">Ebu Dey ayr\u0131ca, Enerji Bakanl\u0131\u011f\u0131\u2019n\u0131n S\u00fcveyda ilindeki bak\u0131m \u00e7al\u0131\u015fmalar\u0131n\u0131 h\u0131zland\u0131rma ve da\u011f\u0131t\u0131m \u015febekelerinin haz\u0131rl\u0131k d\u00fczeyini art\u0131rma y\u00f6n\u00fcndeki \u00e7abalar\u0131n\u0131n s\u00fcrece\u011fini vurgulayarak, bu ad\u0131mlar\u0131n elektrik tedarikinde istikrar\u0131 sa\u011flamaya ve vatanda\u015flara sunulan hizmetin kalitesini art\u0131rmaya katk\u0131 sa\u011flayaca\u011f\u0131n\u0131 belirtti.<\/p>\n","protected":false},"excerpt":{"rendered":"<p>\u015eAM (SANA) &#8211; Elektrik \u0130letim ve Da\u011f\u0131t\u0131m Genel Kurumu M\u00fcd\u00fcr\u00fc Halid Ebu Dey, S\u00fcveyda iline elektrik ak\u0131\u015f\u0131n\u0131n tamamen yeniden sa\u011fland\u0131\u011f\u0131n\u0131 duyurdu. Bu geli\u015fme, ilin temel enerji hatlar\u0131ndan biri olan 66 kV y\u00fcksek gerilim hatt\u0131 (Museyfere\u2013Kum) \u00fczerindeki bak\u0131m \u00e7al\u0131\u015fmalar\u0131n\u0131n tamamlanmas\u0131n\u0131n ard\u0131ndan ger\u00e7ekle\u015fti. Ebu Dey bug\u00fcn yapt\u0131\u011f\u0131 a\u00e7\u0131klamada, \u201cBu ba\u015far\u0131, Elektrik \u0130letim ve Da\u011f\u0131t\u0131m Genel Kurumu ekiplerinin, &hellip;<\/p>\n","protected":false},"author":41,"featured_media":326423,"comment_status":"closed","ping_status":"closed","sticky":false,"template":"","format":"standard","meta":{"footnotes":""},"categories":[589,479,17988,478],"tags":[],"class_list":["post-326422","post","type-post","status-publish","format-standard","has-post-thumbnail","","category-haber-seridi","category-haberler-yerel","category-son-haberler","category-yerel"],"_links":{"self":[{"href":"https:\/\/archive.sana.sy\/tr\/index.php?rest_route=\/wp\/v2\/posts\/326422","targetHints":{"allow":["GET"]}}],"collection":[{"href":"https:\/\/archive.sana.sy\/tr\/index.php?rest_route=\/wp\/v2\/posts"}],"about":[{"href":"https:\/\/archive.sana.sy\/tr\/index.php?rest_route=\/wp\/v2\/types\/post"}],"author":[{"embeddable":true,"href":"https:\/\/archive.sana.sy\/tr\/index.php?rest_route=\/wp\/v2\/users\/41"}],"replies":[{"embeddable":true,"href":"https:\/\/archive.sana.sy\/tr\/index.php?rest_route=%2Fwp%2Fv2%2Fcomments&post=326422"}],"version-history":[{"count":1,"href":"https:\/\/archive.sana.sy\/tr\/index.php?rest_route=\/wp\/v2\/posts\/326422\/revisions"}],"predecessor-version":[{"id":326424,"href":"https:\/\/archive.sana.sy\/tr\/index.php?rest_route=\/wp\/v2\/posts\/326422\/revisions\/326424"}],"wp:featuredmedia":[{"embeddable":true,"href":"https:\/\/archive.sana.sy\/tr\/index.php?rest_route=\/wp\/v2\/media\/326423"}],"wp:attachment":[{"href":"https:\/\/archive.sana.sy\/tr\/index.php?rest_route=%2Fwp%2Fv2%2Fmedia&parent=326422"}],"wp:term":[{"taxonomy":"category","embeddable":true,"href":"https:\/\/archive.sana.sy\/tr\/index.php?rest_route=%2Fwp%2Fv2%2Fcategories&post=326422"},{"taxonomy":"post_tag","embeddable":true,"href":"https:\/\/archive.sana.sy\/tr\/index.php?rest_route=%2Fwp%2Fv2%2Ftags&post=326422"}],"curies":[{"name":"wp","href":"https:\/\/api.w.org\/{rel}","templated":true}]}}