{"id":326425,"date":"2025-07-24T20:41:11","date_gmt":"2025-07-24T17:41:11","guid":{"rendered":"https:\/\/sana.sy\/tr\/?p=326425"},"modified":"2025-07-26T15:39:14","modified_gmt":"2025-07-26T12:39:14","slug":"suriye-suudi-yatirim-forumu-46-anlasma-6-milyar-dolar-degerinde-is-birligi","status":"publish","type":"post","link":"https:\/\/archive.sana.sy\/tr\/?p=326425","title":{"rendered":"Suriye-Suudi Yat\u0131r\u0131m Forumu: 46 Anla\u015fma, 6 Milyar Dolar De\u011ferinde \u0130\u015f Birli\u011fi"},"content":{"rendered":"<p style=\"text-align: justify;\"><span style=\"color: #ff0000;\"><strong>\u015eAM (SANA) &#8211;<\/strong><\/span> Cumhurba\u015fkan\u0131 Say\u0131n Ahmed El \u015eara\u2019n\u0131n kat\u0131l\u0131m\u0131yla, bug\u00fcn \u015eam\u2019daki Halk Saray\u0131\u2019nda Suriye-Suudi Yat\u0131r\u0131m Forumu d\u00fczenlendi. Bakanlar, i\u015f insanlar\u0131 ve yat\u0131r\u0131mc\u0131lar\u0131n kat\u0131ld\u0131\u011f\u0131 etkinlikte, karde\u015f iki \u00fclke aras\u0131ndaki ekonomik ve yat\u0131r\u0131m i\u015f birli\u011fini g\u00fc\u00e7lendiren 6 milyar dolarl\u0131k de\u011ferinde 46 anla\u015fma ve mutabakat zapt\u0131 imzaland\u0131. Bu, stratejik ortakl\u0131k kurma yolunda \u00f6nemli bir ad\u0131md\u0131r.<\/p>\n<p style=\"text-align: justify;\">Ekonomi Bakan\u0131 Muhammed Nidal \u015eaar, Suudi heyetinin ziyaretini stratejik ortakl\u0131klar i\u00e7in \u00f6nemli bir ad\u0131m olarak nitelendirdi. \u0130ki \u00fclke aras\u0131ndaki karde\u015flik ba\u011flar\u0131n\u0131n yat\u0131r\u0131m i\u015f birli\u011fine temel olu\u015fturdu\u011funu s\u00f6yledi.<\/p>\n<p style=\"text-align: justify;\">Suudi Arabistan Yat\u0131r\u0131m Bakan\u0131 Halid bin Abdulaziz El Falih, ziyaretin Suudi Arabistan\u2019\u0131n Suriye\u2019ye deste\u011finin g\u00f6stergesi oldu\u011funu belirtti. Enerji, altyap\u0131, sa\u011fl\u0131k, tar\u0131m ve teknoloji gibi bir\u00e7ok alanda i\u015f birli\u011fi i\u00e7in 47 anla\u015fman\u0131n imzalanaca\u011f\u0131n\u0131 a\u00e7\u0131klad\u0131. Ayr\u0131ca Suudi \u00f6zel sekt\u00f6r\u00fcn\u00fcn Suriye\u2019nin yeniden in\u015fas\u0131nda \u00f6nemli rol oynayaca\u011f\u0131n\u0131 vurgulad\u0131.<\/p>\n<p style=\"text-align: justify;\">Konut Kurumu M\u00fcd\u00fcr\u00fc Ayman El Mutlak, sava\u015f\u0131n konut sekt\u00f6r\u00fcnde yol a\u00e7t\u0131\u011f\u0131 zorluklar\u0131 anlatt\u0131 ve y\u0131k\u0131lan b\u00f6lgelerin yat\u0131r\u0131m f\u0131rsatlar\u0131na d\u00f6n\u00fc\u015ft\u00fcr\u00fclebilece\u011fini belirtti.<\/p>\n<p style=\"text-align: justify;\">Sivil Havac\u0131l\u0131k Genel M\u00fcd\u00fcr\u00fc \u00d6mer El Hasri, \u015eam\u2019da y\u0131ll\u0131k 30 milyon yolcu kapasiteli yeni havaliman\u0131 in\u015fa edilece\u011fini ve mevcut havalimanlar\u0131n\u0131n kapasitesinin art\u0131r\u0131laca\u011f\u0131n\u0131 duyurdu.<\/p>\n<p style=\"text-align: justify;\">Turizm Bakan\u0131 Mazen El Salihani, yeni oteller ve tatil k\u00f6yleri haz\u0131rlad\u0131klar\u0131n\u0131, turizmde \u201cyat\u0131r\u0131m turizminin\u201d y\u00fckseldi\u011fini ve yat\u0131r\u0131mc\u0131lara tam destek verdiklerini a\u00e7\u0131klad\u0131.<\/p>\n<p style=\"text-align: justify;\">Suriye Yat\u0131r\u0131m Otoritesi Genel M\u00fcd\u00fcr\u00fc Talal Mahmoud El Hilali ise b\u00fcy\u00fck zorluklara ra\u011fmen yat\u0131r\u0131mc\u0131lar i\u00e7in kolayl\u0131k sa\u011fland\u0131\u011f\u0131n\u0131 ve y\u0131l i\u00e7inde ekonomi alan\u0131nda \u00f6nemli geli\u015fmeler beklendi\u011fini belirtti.<\/p>\n<div id='gallery-1' class='gallery galleryid-326425 gallery-columns-3 gallery-size-thumbnail'><figure class='gallery-item'>\n\t\t\t<div class='gallery-icon landscape'>\n\t\t\t\t<a href='https:\/\/archive.sana.sy\/tr\/?attachment_id=326427'><img loading=\"lazy\" decoding=\"async\" width=\"150\" height=\"150\" src=\"https:\/\/archive.sana.sy\/tr\/wp-content\/uploads\/2025\/07\/WSS5334-300x200-1-150x150.jpg\" class=\"attachment-thumbnail size-thumbnail\" alt=\"\" \/><\/a>\n\t\t\t<\/div><\/figure><figure class='gallery-item'>\n\t\t\t<div class='gallery-icon landscape'>\n\t\t\t\t<a href='https:\/\/archive.sana.sy\/tr\/?attachment_id=326428'><img loading=\"lazy\" decoding=\"async\" width=\"150\" height=\"150\" src=\"https:\/\/archive.sana.sy\/tr\/wp-content\/uploads\/2025\/07\/WSS5340-300x200-1-150x150.jpg\" class=\"attachment-thumbnail size-thumbnail\" alt=\"\" \/><\/a>\n\t\t\t<\/div><\/figure><figure class='gallery-item'>\n\t\t\t<div class='gallery-icon landscape'>\n\t\t\t\t<a href='https:\/\/archive.sana.sy\/tr\/?attachment_id=326429'><img loading=\"lazy\" decoding=\"async\" width=\"150\" height=\"150\" src=\"https:\/\/archive.sana.sy\/tr\/wp-content\/uploads\/2025\/07\/WSS5478-300x200-1-150x150.jpg\" class=\"attachment-thumbnail size-thumbnail\" alt=\"\" \/><\/a>\n\t\t\t<\/div><\/figure>\n\t\t<\/div>\n\n","protected":false},"excerpt":{"rendered":"<p>\u015eAM (SANA) &#8211; Cumhurba\u015fkan\u0131 Say\u0131n Ahmed El \u015eara\u2019n\u0131n kat\u0131l\u0131m\u0131yla, bug\u00fcn \u015eam\u2019daki Halk Saray\u0131\u2019nda Suriye-Suudi Yat\u0131r\u0131m Forumu d\u00fczenlendi. Bakanlar, i\u015f insanlar\u0131 ve yat\u0131r\u0131mc\u0131lar\u0131n kat\u0131ld\u0131\u011f\u0131 etkinlikte, karde\u015f iki \u00fclke aras\u0131ndaki ekonomik ve yat\u0131r\u0131m i\u015f birli\u011fini g\u00fc\u00e7lendiren 6 milyar dolarl\u0131k de\u011ferinde 46 anla\u015fma ve mutabakat zapt\u0131 imzaland\u0131. Bu, stratejik ortakl\u0131k kurma yolunda \u00f6nemli bir ad\u0131md\u0131r. Ekonomi Bakan\u0131 Muhammed &hellip;<\/p>\n","protected":false},"author":41,"featured_media":326426,"comment_status":"closed","ping_status":"closed","sticky":false,"template":"","format":"standard","meta":{"footnotes":""},"categories":[485,479,17988,478],"tags":[],"class_list":["post-326425","post","type-post","status-publish","format-standard","has-post-thumbnail","","category-is-ve-sermaye","category-haberler-yerel","category-son-haberler","category-yerel"],"_links":{"self":[{"href":"https:\/\/archive.sana.sy\/tr\/index.php?rest_route=\/wp\/v2\/posts\/326425","targetHints":{"allow":["GET"]}}],"collection":[{"href":"https:\/\/archive.sana.sy\/tr\/index.php?rest_route=\/wp\/v2\/posts"}],"about":[{"href":"https:\/\/archive.sana.sy\/tr\/index.php?rest_route=\/wp\/v2\/types\/post"}],"author":[{"embeddable":true,"href":"https:\/\/archive.sana.sy\/tr\/index.php?rest_route=\/wp\/v2\/users\/41"}],"replies":[{"embeddable":true,"href":"https:\/\/archive.sana.sy\/tr\/index.php?rest_route=%2Fwp%2Fv2%2Fcomments&post=326425"}],"version-history":[{"count":2,"href":"https:\/\/archive.sana.sy\/tr\/index.php?rest_route=\/wp\/v2\/posts\/326425\/revisions"}],"predecessor-version":[{"id":326431,"href":"https:\/\/archive.sana.sy\/tr\/index.php?rest_route=\/wp\/v2\/posts\/326425\/revisions\/326431"}],"wp:featuredmedia":[{"embeddable":true,"href":"https:\/\/archive.sana.sy\/tr\/index.php?rest_route=\/wp\/v2\/media\/326426"}],"wp:attachment":[{"href":"https:\/\/archive.sana.sy\/tr\/index.php?rest_route=%2Fwp%2Fv2%2Fmedia&parent=326425"}],"wp:term":[{"taxonomy":"category","embeddable":true,"href":"https:\/\/archive.sana.sy\/tr\/index.php?rest_route=%2Fwp%2Fv2%2Fcategories&post=326425"},{"taxonomy":"post_tag","embeddable":true,"href":"https:\/\/archive.sana.sy\/tr\/index.php?rest_route=%2Fwp%2Fv2%2Ftags&post=326425"}],"curies":[{"name":"wp","href":"https:\/\/api.w.org\/{rel}","templated":true}]}}