{"id":326432,"date":"2025-07-25T09:06:19","date_gmt":"2025-07-25T06:06:19","guid":{"rendered":"https:\/\/sana.sy\/tr\/?p=326432"},"modified":"2025-07-25T11:06:31","modified_gmt":"2025-07-25T08:06:31","slug":"suriye-suudi-arabistan-is-konseyi-baskani-sanaya-iki-ulke-arasindaki-ortaklik-ekonomiyi-cesitlendirmeyi-hedefleyen-surdurulebilir-kalkinma-icin-bir-modeldir","status":"publish","type":"post","link":"https:\/\/archive.sana.sy\/tr\/?p=326432","title":{"rendered":"Suriye-Suudi Arabistan \u0130\u015f Konseyi Ba\u015fkan\u0131 SANA&#8217;ya: \u0130ki \u00dclke Aras\u0131ndaki Ortakl\u0131k, Ekonomiyi Ce\u015fitlendirmeyi Hedefleyen S\u00fcrd\u00fcr\u00fclebilir Kalk\u0131nma \u0130\u00e7in Bir Modeldir"},"content":{"rendered":"<p style=\"text-align: justify;\"><span style=\"color: #800000;\"><strong>\u015eAM (SANA) \u2013<\/strong><\/span> Suriye-Suudi Arabistan \u0130\u015f Konseyi Ba\u015fkan\u0131 Muhammed Ebu Niyan, bug\u00fcn \u015eam\u2019daki Halk Saray\u0131\u2019nda d\u00fczenlenen Suriye-Suudi Yat\u0131r\u0131m Forumu\u2019nun geni\u015f yat\u0131r\u0131m f\u0131rsatlar\u0131n\u0131n ortaya kondu\u011fu \u00f6nemli bir platform oldu\u011funu belirtti. Suriye\u2019nin zengin do\u011fal ve be\u015feri kaynaklara sahip oldu\u011funu vurgulayan Ebu Niyan, \u00fclkenin ekonomik anlamda yeni bir do\u011fu\u015f s\u00fcrecine girdi\u011fini ve Suudi Arabistan ile kurulacak ortakl\u0131\u011f\u0131n, ekonomik b\u00fct\u00fcnle\u015fme ve s\u00fcrd\u00fcr\u00fclebilir kalk\u0131nma a\u00e7\u0131s\u0131ndan \u00f6rnek bir model te\u015fkil edece\u011fini ifade etti.<\/p>\n<p style=\"text-align: justify;\">Forumun ard\u0131ndan SANA muhabirine a\u00e7\u0131klamalarda bulunan Ebu Niyan, Suudi Arabistan Veliaht Prensi Muhammed bin Selman\u2019\u0131n Suriye\u2019deki yat\u0131r\u0131mlar\u0131 desteklemeye y\u00f6nelik samimi iste\u011fi ve ciddi deste\u011finin, Suriye-Suudi \u0130\u015f Konseyi\u2019nin h\u0131zl\u0131 bir \u015fekilde kurulmas\u0131na ve faaliyetlerine ba\u015flamas\u0131na katk\u0131 sa\u011flad\u0131\u011f\u0131n\u0131 kaydetti. Forum kapsam\u0131nda bir\u00e7ok i\u015f birli\u011fi alan\u0131n\u0131n ele al\u0131nd\u0131\u011f\u0131n\u0131, 6 milyar dolar\u0131 a\u015fan de\u011ferde anla\u015fma ve mutabakat zab\u0131tlar\u0131n\u0131n imzaland\u0131\u011f\u0131n\u0131 bildirdi.<\/p>\n<p style=\"text-align: justify;\"><strong>Suriye&#8217;nin Ekonomik Vizyonu: S\u00fcrd\u00fcr\u00fclebilir Yat\u0131r\u0131mlara Dayal\u0131 Bir Gelecek<\/strong><\/p>\n<p style=\"text-align: justify;\">Say\u0131n Cumhurba\u015fkan\u0131 El \u015eara\u2019n\u0131n Suudi i\u015f insanlar\u0131yla ger\u00e7ekle\u015ftirdi\u011fi g\u00f6r\u00fc\u015fmede sundu\u011fu derin ekonomik fikirlerin, Suriye\u2019de ekonomik faaliyetin sadece siyasi s\u00fcrecin tamamlay\u0131c\u0131s\u0131 de\u011fil, aksine temel bir unsur oldu\u011funu ortaya koydu\u011funu ifade eden Ebu Niyan, s\u00fcrd\u00fcr\u00fclebilir yat\u0131r\u0131m\u0131n Suriye i\u00e7in stratejik bir yakla\u015f\u0131m oldu\u011funu vurgulad\u0131. Ge\u00e7ici yard\u0131mlara bel ba\u011flamak yerine \u00fcretken, vatansever ve liderli\u011fine inanan Suriye halk\u0131n\u0131n \u00fclke ekonomisinin asli kayna\u011f\u0131 oldu\u011funu dile getirdi.<\/p>\n<p style=\"text-align: justify;\"><strong>Zengin Kaynaklar ve Umut Vadeden F\u0131rsatlar \u00dclkesi Suriye<\/strong><\/p>\n<p style=\"text-align: justify;\">Suriye\u2019nin petrol, do\u011falgaz, maden, tar\u0131m, hizmet ve turizm gibi bir\u00e7ok alanda zengin kaynaklara sahip oldu\u011funa i\u015faret eden Ebu Niyan, \u00fclkenin Say\u0131n Cumhurba\u015fkan\u0131 El \u015eara\u2019n\u0131n \u00a0liderli\u011finde yeni bir d\u00f6neme girdi\u011fini belirtti. Suudi Veliaht Prensi ile Say\u0131n Cumhurba\u015fkan\u0131 El \u015eara\u2019n\u0131n i\u015f birli\u011finin, ekonomik b\u00fct\u00fcnle\u015fme, ortak yat\u0131r\u0131m ve vatanda\u015f refah\u0131na odaklanan kalk\u0131nma a\u00e7\u0131s\u0131ndan k\u00fcresel bir model olaca\u011f\u0131n\u0131 s\u00f6yledi.<\/p>\n<p style=\"text-align: justify;\">\u00d6n\u00fcm\u00fczdeki y\u0131llarda Suriye&#8217;nin yeni bir ekonomik modelle yoluna devam edece\u011fini belirten Ebu Niyan, Suudi Arabistan Veliaht Prensi\u2019nin \u201cSuudi Arabistan 2030 Vizyonu\u201dnu ilan ederken ortaya koydu\u011fu hedefin, b\u00f6lge \u00fclkeleri aras\u0131nda ekonomik entegrasyona dayal\u0131, g\u00fc\u00e7l\u00fc ve m\u00fcreffeh bir Ortado\u011fu in\u015fa etmek oldu\u011funu hat\u0131rlatt\u0131. Bug\u00fcn Suriye-Suudi \u0130\u015f Konseyi taraf\u0131ndan at\u0131lan ad\u0131mlar\u0131n, bu vizyonun somut bir uygulamas\u0131 niteli\u011finde oldu\u011funu ifade etti.<\/p>\n<p style=\"text-align: justify;\"><strong>Suudi Arabistan\u2019\u0131n Ortakl\u0131k ve Ba\u015far\u0131 Temelli Yakla\u015f\u0131m\u0131<\/strong><\/p>\n<p style=\"text-align: justify;\">Ebu Niyan, Suudi Arabistan\u2019\u0131n Veliaht Prens liderli\u011finde, kendi g\u00fcc\u00fcne dayanan ve i\u015f birli\u011fi ile ortakl\u0131klar\u0131 \u00f6nceleyen g\u00fc\u00e7l\u00fc bir ekonomi in\u015fa etme hedefiyle hareket etti\u011fini vurgulad\u0131. Ba\u015far\u0131y\u0131 temel ilke olarak benimseyen bu yakla\u015f\u0131m\u0131n, Say\u0131n Cumhurba\u015fkan\u0131 El \u015eara\u2019n\u0131n liderli\u011findeki yeni Suriye\u2019de de hayata ge\u00e7irilece\u011fini belirtti. Bu da iki \u00fclke aras\u0131ndaki ortakl\u0131k, i\u015f birli\u011fi ve ortak \u00e7al\u0131\u015fma ilkelerinin somut bir terc\u00fcmesi olarak de\u011ferlendirildi.<\/p>\n<p style=\"text-align: justify;\">\n","protected":false},"excerpt":{"rendered":"<p>\u015eAM (SANA) \u2013 Suriye-Suudi Arabistan \u0130\u015f Konseyi Ba\u015fkan\u0131 Muhammed Ebu Niyan, bug\u00fcn \u015eam\u2019daki Halk Saray\u0131\u2019nda d\u00fczenlenen Suriye-Suudi Yat\u0131r\u0131m Forumu\u2019nun geni\u015f yat\u0131r\u0131m f\u0131rsatlar\u0131n\u0131n ortaya kondu\u011fu \u00f6nemli bir platform oldu\u011funu belirtti. Suriye\u2019nin zengin do\u011fal ve be\u015feri kaynaklara sahip oldu\u011funu vurgulayan Ebu Niyan, \u00fclkenin ekonomik anlamda yeni bir do\u011fu\u015f s\u00fcrecine girdi\u011fini ve Suudi Arabistan ile kurulacak ortakl\u0131\u011f\u0131n, ekonomik &hellip;<\/p>\n","protected":false},"author":44,"featured_media":326433,"comment_status":"closed","ping_status":"closed","sticky":false,"template":"","format":"standard","meta":{"footnotes":""},"categories":[589,479,17988,478],"tags":[44098,44097],"class_list":["post-326432","post","type-post","status-publish","format-standard","has-post-thumbnail","","category-haber-seridi","category-haberler-yerel","category-son-haberler","category-yerel","tag-ekonomiyi-cesitlendirmeyi-hedefleyen-surdurulebilir-kalkinma-icin-bir-modeldir","tag-suriye-suudi-arabistan-is-konseyi-baskani-sanaya-iki-ulke-arasindaki-ortaklik"],"_links":{"self":[{"href":"https:\/\/archive.sana.sy\/tr\/index.php?rest_route=\/wp\/v2\/posts\/326432","targetHints":{"allow":["GET"]}}],"collection":[{"href":"https:\/\/archive.sana.sy\/tr\/index.php?rest_route=\/wp\/v2\/posts"}],"about":[{"href":"https:\/\/archive.sana.sy\/tr\/index.php?rest_route=\/wp\/v2\/types\/post"}],"author":[{"embeddable":true,"href":"https:\/\/archive.sana.sy\/tr\/index.php?rest_route=\/wp\/v2\/users\/44"}],"replies":[{"embeddable":true,"href":"https:\/\/archive.sana.sy\/tr\/index.php?rest_route=%2Fwp%2Fv2%2Fcomments&post=326432"}],"version-history":[{"count":1,"href":"https:\/\/archive.sana.sy\/tr\/index.php?rest_route=\/wp\/v2\/posts\/326432\/revisions"}],"predecessor-version":[{"id":326434,"href":"https:\/\/archive.sana.sy\/tr\/index.php?rest_route=\/wp\/v2\/posts\/326432\/revisions\/326434"}],"wp:featuredmedia":[{"embeddable":true,"href":"https:\/\/archive.sana.sy\/tr\/index.php?rest_route=\/wp\/v2\/media\/326433"}],"wp:attachment":[{"href":"https:\/\/archive.sana.sy\/tr\/index.php?rest_route=%2Fwp%2Fv2%2Fmedia&parent=326432"}],"wp:term":[{"taxonomy":"category","embeddable":true,"href":"https:\/\/archive.sana.sy\/tr\/index.php?rest_route=%2Fwp%2Fv2%2Fcategories&post=326432"},{"taxonomy":"post_tag","embeddable":true,"href":"https:\/\/archive.sana.sy\/tr\/index.php?rest_route=%2Fwp%2Fv2%2Ftags&post=326432"}],"curies":[{"name":"wp","href":"https:\/\/api.w.org\/{rel}","templated":true}]}}