{"id":326435,"date":"2025-07-25T09:15:01","date_gmt":"2025-07-25T06:15:01","guid":{"rendered":"https:\/\/sana.sy\/tr\/?p=326435"},"modified":"2025-07-25T11:11:13","modified_gmt":"2025-07-25T08:11:13","slug":"enformasyon-bakani-uluslararasi-medyanin-suriyeye-iliskin-haberlerinde-genis-baglam-goz-ardi-edilmis-ve-dar-anlatilara-dayanilmistir","status":"publish","type":"post","link":"https:\/\/archive.sana.sy\/tr\/?p=326435","title":{"rendered":"Enformasyon Bakan\u0131: Uluslararas\u0131 Medyan\u0131n Suriye&#8217;ye \u0130li\u015fkin Haberlerinde Geni\u015f Ba\u011flam G\u00f6z Ard\u0131 Edilmi\u015f Ve Dar Anlat\u0131lara Dayan\u0131lm\u0131\u015ft\u0131r"},"content":{"rendered":"<p style=\"text-align: justify;\"><span style=\"color: #800000;\"><strong>\u015eAM (SAN) &#8211;<\/strong><\/span> Enformasyon Bakan\u0131 Dr. Hamza Mustafa, Esed rejiminin \u00e7\u00f6k\u00fc\u015f\u00fcn\u00fcn ard\u0131ndan uluslararas\u0131 medya kurulu\u015flar\u0131n\u0131n Suriye\u2019ye ak\u0131n etti\u011fini belirterek, bu kurulu\u015flar\u0131n e\u015fi benzeri g\u00f6r\u00fclmemi\u015f bir \u00f6zg\u00fcrl\u00fck alan\u0131 ile bilgi ve hizmetlere geni\u015f eri\u015fimden faydaland\u0131\u011f\u0131n\u0131 s\u00f6yledi.<\/p>\n<p style=\"text-align: justify;\">\u201cBu eri\u015fimin, objektif ve yap\u0131c\u0131 bir gazetecili\u011fin geli\u015fmesine katk\u0131 sa\u011flamas\u0131n\u0131 umuyorduk\u201d diyen Bakan Mustafa, \u201cGer\u00e7ek, ne yaz\u0131k ki bunun tam tersini ortaya koydu\u201d ifadelerini kulland\u0131.<\/p>\n<p style=\"text-align: justify;\">Bakan Mustafa, X platformu \u00fczerinden yapt\u0131\u011f\u0131 a\u00e7\u0131klamada, uluslararas\u0131 medyan\u0131n b\u00fcy\u00fck bir k\u0131sm\u0131n\u0131n yapt\u0131\u011f\u0131 haberlerin oryantalist bir \u00fcslupla \u015fekillendi\u011fini ve bunun sistematik zaaflara yol a\u00e7t\u0131\u011f\u0131n\u0131 kaydetti.<\/p>\n<p style=\"text-align: justify;\">Bu zaaflar\u0131n \u00e7o\u011funlukla \u00f6n yarg\u0131l\u0131 ideolojik tutumlardan kaynakland\u0131\u011f\u0131n\u0131 vurgulayan Mustafa, \u201cHassas bir yanda\u015fl\u0131ktan, gerek\u00e7esiz d\u00fc\u015fmanl\u0131\u011fa kadar uzanan bir yelpazede haber yap\u0131ld\u0131. Bir\u00e7ok gazeteci, Suriye ba\u011flam\u0131n\u0131n karma\u015f\u0131kl\u0131\u011f\u0131n\u0131 dikkatle dinlemek yerine, kendi \u00f6n kabullerini g\u00fc\u00e7lendirmeye \u00e7al\u0131\u015ft\u0131. Enformasyon Bakanl\u0131\u011f\u0131\u2019n\u0131n sundu\u011fu t\u00fcm kolayl\u0131klar ve \u00e7abalara ra\u011fmen bu durum g\u00f6z ard\u0131 edildi,\u201d dedi.<\/p>\n<p style=\"text-align: justify;\">Mustafa s\u00f6zlerine \u015f\u00f6yle devam etti: \u201cSuriye hi\u00e7bir zaman m\u00fckemmel oldu\u011funu iddia etmedi ve eksiklerini a\u00e7\u0131k\u00e7a kabul etmektedir. Ancak daha geni\u015f bir ba\u011flam\u0131 g\u00f6rmezden gelmek ve dar anlat\u0131lara dayanmak, durumu daha adil, kapsaml\u0131 ve derinlemesine anlamaya y\u00f6nelik her t\u00fcrl\u00fc samimi \u00e7abay\u0131 baltalamaktad\u0131r.\u201d<\/p>\n<p style=\"text-align: justify;\">Bakan Mustafa, \u00f6zellikle endi\u015fe verici olan\u0131n bu medya kurulu\u015flar\u0131n\u0131n ge\u00e7mi\u015f krizlerdeki haber ba\u015far\u0131s\u0131zl\u0131klar\u0131ndan ders almam\u0131\u015f olmalar\u0131 oldu\u011funu ifade ederek, \u201cUzla\u015fmac\u0131 bir ton veya dengeli bir yakla\u015f\u0131m benimsemeye pek istekli g\u00f6r\u00fcnm\u00fcyorlar. An\u0131n karma\u015f\u0131kl\u0131klar\u0131n\u0131 yans\u0131tmak yerine, eski \u2018oryantalist\u2019 zihniyete s\u0131\u011f\u0131n\u0131yor ve bu s\u00f6ylemi s\u00fcrd\u00fcrmeye devam ediyorlar,\u201d \u015feklinde konu\u015ftu.<\/p>\n<p style=\"text-align: justify;\">Son olarak, gazetecili\u011fin \u00f6zellikle tarih\u00ee ge\u00e7i\u015f d\u00f6nemlerinde b\u00fcy\u00fck bir sorumluluk ta\u015f\u0131d\u0131\u011f\u0131n\u0131 vurgulayan Enformasyon Bakan\u0131 Mustafa, \u201cGazetecilik, ger\u00e7ekle d\u00fcr\u00fcst\u00e7e y\u00fczle\u015fme ve \u00f6n yarg\u0131lardan uzak durarak hakikatlere a\u00e7\u0131k olma sorumlulu\u011funu ta\u015f\u0131r. Haz\u0131r kal\u0131plara saplanmak, halklar ve anlat\u0131lar aras\u0131ndaki u\u00e7urumu daha da derinle\u015ftirir,\u201d ifadelerini kulland\u0131.<\/p>\n","protected":false},"excerpt":{"rendered":"<p>\u015eAM (SAN) &#8211; Enformasyon Bakan\u0131 Dr. Hamza Mustafa, Esed rejiminin \u00e7\u00f6k\u00fc\u015f\u00fcn\u00fcn ard\u0131ndan uluslararas\u0131 medya kurulu\u015flar\u0131n\u0131n Suriye\u2019ye ak\u0131n etti\u011fini belirterek, bu kurulu\u015flar\u0131n e\u015fi benzeri g\u00f6r\u00fclmemi\u015f bir \u00f6zg\u00fcrl\u00fck alan\u0131 ile bilgi ve hizmetlere geni\u015f eri\u015fimden faydaland\u0131\u011f\u0131n\u0131 s\u00f6yledi. \u201cBu eri\u015fimin, objektif ve yap\u0131c\u0131 bir gazetecili\u011fin geli\u015fmesine katk\u0131 sa\u011flamas\u0131n\u0131 umuyorduk\u201d diyen Bakan Mustafa, \u201cGer\u00e7ek, ne yaz\u0131k ki bunun tam &hellip;<\/p>\n","protected":false},"author":44,"featured_media":326436,"comment_status":"closed","ping_status":"closed","sticky":false,"template":"","format":"standard","meta":{"footnotes":""},"categories":[589,479,17988,478],"tags":[44099],"class_list":["post-326435","post","type-post","status-publish","format-standard","has-post-thumbnail","","category-haber-seridi","category-haberler-yerel","category-son-haberler","category-yerel","tag-enformasyon-bakani-uluslararasi-medyanin-suriyeye-iliskin-haberlerinde-genis-baglam-goz-ardi-edilmis-ve-dar-anlatilara-dayanilmistir"],"_links":{"self":[{"href":"https:\/\/archive.sana.sy\/tr\/index.php?rest_route=\/wp\/v2\/posts\/326435","targetHints":{"allow":["GET"]}}],"collection":[{"href":"https:\/\/archive.sana.sy\/tr\/index.php?rest_route=\/wp\/v2\/posts"}],"about":[{"href":"https:\/\/archive.sana.sy\/tr\/index.php?rest_route=\/wp\/v2\/types\/post"}],"author":[{"embeddable":true,"href":"https:\/\/archive.sana.sy\/tr\/index.php?rest_route=\/wp\/v2\/users\/44"}],"replies":[{"embeddable":true,"href":"https:\/\/archive.sana.sy\/tr\/index.php?rest_route=%2Fwp%2Fv2%2Fcomments&post=326435"}],"version-history":[{"count":1,"href":"https:\/\/archive.sana.sy\/tr\/index.php?rest_route=\/wp\/v2\/posts\/326435\/revisions"}],"predecessor-version":[{"id":326437,"href":"https:\/\/archive.sana.sy\/tr\/index.php?rest_route=\/wp\/v2\/posts\/326435\/revisions\/326437"}],"wp:featuredmedia":[{"embeddable":true,"href":"https:\/\/archive.sana.sy\/tr\/index.php?rest_route=\/wp\/v2\/media\/326436"}],"wp:attachment":[{"href":"https:\/\/archive.sana.sy\/tr\/index.php?rest_route=%2Fwp%2Fv2%2Fmedia&parent=326435"}],"wp:term":[{"taxonomy":"category","embeddable":true,"href":"https:\/\/archive.sana.sy\/tr\/index.php?rest_route=%2Fwp%2Fv2%2Fcategories&post=326435"},{"taxonomy":"post_tag","embeddable":true,"href":"https:\/\/archive.sana.sy\/tr\/index.php?rest_route=%2Fwp%2Fv2%2Ftags&post=326435"}],"curies":[{"name":"wp","href":"https:\/\/api.w.org\/{rel}","templated":true}]}}