{"id":326438,"date":"2025-07-25T11:00:40","date_gmt":"2025-07-25T08:00:40","guid":{"rendered":"https:\/\/sana.sy\/tr\/?p=326438"},"modified":"2025-07-25T11:27:19","modified_gmt":"2025-07-25T08:27:19","slug":"fransa-cumhurbaskani-ulkesinin-filistin-devletini-tanima-niyetini-acikladi","status":"publish","type":"post","link":"https:\/\/archive.sana.sy\/tr\/?p=326438","title":{"rendered":"Fransa Cumhurba\u015fkan\u0131, \u00dclkesinin Filistin Devleti&#8217;ni Tan\u0131ma Niyetini A\u00e7\u0131klad\u0131"},"content":{"rendered":"<p style=\"text-align: justify;\"><span style=\"color: #800000;\"><strong>PAR\u0130S (SANA) \u2013<\/strong> <\/span>Fransa Cumhurba\u015fkan\u0131 Emmanuel Macron, Eyl\u00fcl ay\u0131nda yap\u0131lacak Birle\u015fmi\u015f Milletler Genel Kurulu toplant\u0131lar\u0131 s\u0131ras\u0131nda \u00fclkesinin Filistin Devleti\u2019ni tan\u0131yaca\u011f\u0131n\u0131 duyurdu.<\/p>\n<p style=\"text-align: justify;\">Macron, bug\u00fcn X platformunda yapt\u0131\u011f\u0131 payla\u015f\u0131mda, \u201cOrta Do\u011fu\u2019da adil ve kal\u0131c\u0131 bir bar\u0131\u015f sa\u011flama konusundaki tarihi taahh\u00fcd\u00fcm\u00fcz do\u011frultusunda, Fransa\u2019n\u0131n Filistin Devleti\u2019ni tan\u0131maya karar verdi\u011fimi ve bunu Eyl\u00fcl ay\u0131nda Birle\u015fmi\u015f Milletler Genel Kurulu \u00f6n\u00fcnde resmi olarak ilan edece\u011fimi belirtmek isterim.\u201d ifadelerini kulland\u0131. Macron, g\u00fcn\u00fcm\u00fczde \u00f6nceli\u011fin Gazze\u2019deki sava\u015f\u0131n sona erdirilmesi ve sivil halk\u0131n yard\u0131m almas\u0131 oldu\u011funu vurgulad\u0131.<\/p>\n<p style=\"text-align: justify;\">Cumhurba\u015fkan\u0131 Macron, Gazze\u2019de derhal ate\u015fkes yap\u0131lmas\u0131, t\u00fcm rehine ki\u015filerin serbest b\u0131rak\u0131lmas\u0131 ve Filistin halk\u0131na b\u00fcy\u00fck \u00e7apl\u0131 insani yard\u0131mlar\u0131n sa\u011flanmas\u0131n\u0131n gereklili\u011fine dikkat \u00e7ekti. Ayr\u0131ca, Frans\u0131z halk\u0131n\u0131n Orta Do\u011fu\u2019da bar\u0131\u015f istedi\u011fini belirtti.<\/p>\n","protected":false},"excerpt":{"rendered":"<p>PAR\u0130S (SANA) \u2013 Fransa Cumhurba\u015fkan\u0131 Emmanuel Macron, Eyl\u00fcl ay\u0131nda yap\u0131lacak Birle\u015fmi\u015f Milletler Genel Kurulu toplant\u0131lar\u0131 s\u0131ras\u0131nda \u00fclkesinin Filistin Devleti\u2019ni tan\u0131yaca\u011f\u0131n\u0131 duyurdu. Macron, bug\u00fcn X platformunda yapt\u0131\u011f\u0131 payla\u015f\u0131mda, \u201cOrta Do\u011fu\u2019da adil ve kal\u0131c\u0131 bir bar\u0131\u015f sa\u011flama konusundaki tarihi taahh\u00fcd\u00fcm\u00fcz do\u011frultusunda, Fransa\u2019n\u0131n Filistin Devleti\u2019ni tan\u0131maya karar verdi\u011fimi ve bunu Eyl\u00fcl ay\u0131nda Birle\u015fmi\u015f Milletler Genel Kurulu \u00f6n\u00fcnde resmi &hellip;<\/p>\n","protected":false},"author":44,"featured_media":326439,"comment_status":"closed","ping_status":"closed","sticky":false,"template":"","format":"standard","meta":{"footnotes":""},"categories":[458,589,459,17988],"tags":[43298,44100],"class_list":["post-326438","post","type-post","status-publish","format-standard","has-post-thumbnail","","category-dunya1","category-haber-seridi","category-haberler-arap-uluslararasi-politika","category-son-haberler","tag-fransa-cumhurbaskani","tag-ulkesinin-filistin-devletini-tanima-niyetini-acikladi"],"_links":{"self":[{"href":"https:\/\/archive.sana.sy\/tr\/index.php?rest_route=\/wp\/v2\/posts\/326438","targetHints":{"allow":["GET"]}}],"collection":[{"href":"https:\/\/archive.sana.sy\/tr\/index.php?rest_route=\/wp\/v2\/posts"}],"about":[{"href":"https:\/\/archive.sana.sy\/tr\/index.php?rest_route=\/wp\/v2\/types\/post"}],"author":[{"embeddable":true,"href":"https:\/\/archive.sana.sy\/tr\/index.php?rest_route=\/wp\/v2\/users\/44"}],"replies":[{"embeddable":true,"href":"https:\/\/archive.sana.sy\/tr\/index.php?rest_route=%2Fwp%2Fv2%2Fcomments&post=326438"}],"version-history":[{"count":1,"href":"https:\/\/archive.sana.sy\/tr\/index.php?rest_route=\/wp\/v2\/posts\/326438\/revisions"}],"predecessor-version":[{"id":326440,"href":"https:\/\/archive.sana.sy\/tr\/index.php?rest_route=\/wp\/v2\/posts\/326438\/revisions\/326440"}],"wp:featuredmedia":[{"embeddable":true,"href":"https:\/\/archive.sana.sy\/tr\/index.php?rest_route=\/wp\/v2\/media\/326439"}],"wp:attachment":[{"href":"https:\/\/archive.sana.sy\/tr\/index.php?rest_route=%2Fwp%2Fv2%2Fmedia&parent=326438"}],"wp:term":[{"taxonomy":"category","embeddable":true,"href":"https:\/\/archive.sana.sy\/tr\/index.php?rest_route=%2Fwp%2Fv2%2Fcategories&post=326438"},{"taxonomy":"post_tag","embeddable":true,"href":"https:\/\/archive.sana.sy\/tr\/index.php?rest_route=%2Fwp%2Fv2%2Ftags&post=326438"}],"curies":[{"name":"wp","href":"https:\/\/api.w.org\/{rel}","templated":true}]}}