{"id":326441,"date":"2025-07-25T12:01:27","date_gmt":"2025-07-25T09:01:27","guid":{"rendered":"https:\/\/sana.sy\/tr\/?p=326441"},"modified":"2025-07-25T12:01:27","modified_gmt":"2025-07-25T09:01:27","slug":"bm-suveydaya-ulasimi-kolaylastirmak-ve-yardim-saglamak-icin-suriye-yetkilileriyle-iletisimimizi-surduruyoruz","status":"publish","type":"post","link":"https:\/\/archive.sana.sy\/tr\/?p=326441","title":{"rendered":"BM: S\u00fcveyda&#8217;ya Ula\u015f\u0131m\u0131 Kolayla\u015ft\u0131rmak Ve Yard\u0131m Sa\u011flamak \u0130\u00e7in Suriye Yetkilileriyle \u0130leti\u015fimimizi S\u00fcrd\u00fcr\u00fcyoruz"},"content":{"rendered":"<p style=\"text-align: justify;\"><span style=\"color: #ff0000;\"><strong>NEWYORK (SANA) &#8211;<\/strong><\/span> Birle\u015fmi\u015f Milletler S\u00f6zc\u00fc Yard\u0131mc\u0131s\u0131 Ferhan Hak, uluslararas\u0131 \u00f6rg\u00fct\u00fcn do\u011frudan S\u00fcveyde\u2019ye eri\u015fimi kolayla\u015ft\u0131rmak ve yard\u0131m sa\u011flamak amac\u0131yla Suriye makamlar\u0131 ve ortaklar\u0131yla i\u015f birli\u011fini s\u00fcrd\u00fcrd\u00fc\u011f\u00fcn\u00fc a\u00e7\u0131klad\u0131.<\/p>\n<p style=\"text-align: justify;\">Birle\u015fmi\u015f Milletler Haber sitesi, Hak&#8217;\u0131n g\u00fcnl\u00fck bas\u0131n brifinginde yapt\u0131\u011f\u0131 a\u00e7\u0131klamada, \u0130nsani yard\u0131m \u00e7al\u0131\u015fanlar\u0131n\u0131n Seyyide Zeyneb b\u00f6lgesini ziyaret etti\u011fini ve \u00f6n\u00fcm\u00fczdeki g\u00fcnlerde, on binlerce yerinden edilmi\u015f ki\u015fiye destek sa\u011flayan yard\u0131m \u00e7al\u0131\u015fanlar\u0131n\u0131n Dera vilayetini ziyaret etmeyi planlad\u0131\u011f\u0131n\u0131 bildirdi.<\/p>\n<p style=\"text-align: justify;\">Birle\u015fmi\u015f Milletler \u0130nsani \u0130\u015fler Koordinasyon Ofisi (OCHA) ise d\u00fcn, S\u00fcveyde\u2019deki son olaylar nedeniyle yerlerinden edilen 500\u2019den fazla aileye ihtiya\u00e7lar\u0131n\u0131 de\u011ferlendirmek ve yard\u0131m ula\u015ft\u0131rmak \u00fczere, \u00e7e\u015fitli kurumlar\u0131n temsilcilerinden olu\u015fan bir heyeti \u015eam k\u0131rsal\u0131na g\u00f6t\u00fcrd\u00fc\u011f\u00fcn\u00fc belirtti.<\/p>\n<p style=\"text-align: justify;\">\u00d6te yandan, son g\u00fcnlerde Suriye K\u0131z\u0131lay\u0131 ekipleri taraf\u0131ndan S\u00fcveyde vilayetine t\u0131bbi ve insani yard\u0131m malzemeleri ula\u015ft\u0131r\u0131ld\u0131\u011f\u0131, ayr\u0131ca Dera kentinde bir\u00e7ok ki\u015finin destek ve yard\u0131m alabilmesi i\u00e7in bar\u0131nma merkezlerinde g\u00fcvence alt\u0131na al\u0131nd\u0131\u011f\u0131 kaydedildi.<\/p>\n","protected":false},"excerpt":{"rendered":"<p>NEWYORK (SANA) &#8211; Birle\u015fmi\u015f Milletler S\u00f6zc\u00fc Yard\u0131mc\u0131s\u0131 Ferhan Hak, uluslararas\u0131 \u00f6rg\u00fct\u00fcn do\u011frudan S\u00fcveyde\u2019ye eri\u015fimi kolayla\u015ft\u0131rmak ve yard\u0131m sa\u011flamak amac\u0131yla Suriye makamlar\u0131 ve ortaklar\u0131yla i\u015f birli\u011fini s\u00fcrd\u00fcrd\u00fc\u011f\u00fcn\u00fc a\u00e7\u0131klad\u0131. Birle\u015fmi\u015f Milletler Haber sitesi, Hak&#8217;\u0131n g\u00fcnl\u00fck bas\u0131n brifinginde yapt\u0131\u011f\u0131 a\u00e7\u0131klamada, \u0130nsani yard\u0131m \u00e7al\u0131\u015fanlar\u0131n\u0131n Seyyide Zeyneb b\u00f6lgesini ziyaret etti\u011fini ve \u00f6n\u00fcm\u00fczdeki g\u00fcnlerde, on binlerce yerinden edilmi\u015f ki\u015fiye destek sa\u011flayan &hellip;<\/p>\n","protected":false},"author":44,"featured_media":326442,"comment_status":"closed","ping_status":"closed","sticky":false,"template":"","format":"standard","meta":{"footnotes":""},"categories":[458,589,459,17988],"tags":[44101],"class_list":["post-326441","post","type-post","status-publish","format-standard","has-post-thumbnail","","category-dunya1","category-haber-seridi","category-haberler-arap-uluslararasi-politika","category-son-haberler","tag-bm-suveydaya-ulasimi-kolaylastirmak-ve-yardim-saglamak-icin-suriye-yetkilileriyle-iletisimimizi-surduruyoruz"],"_links":{"self":[{"href":"https:\/\/archive.sana.sy\/tr\/index.php?rest_route=\/wp\/v2\/posts\/326441","targetHints":{"allow":["GET"]}}],"collection":[{"href":"https:\/\/archive.sana.sy\/tr\/index.php?rest_route=\/wp\/v2\/posts"}],"about":[{"href":"https:\/\/archive.sana.sy\/tr\/index.php?rest_route=\/wp\/v2\/types\/post"}],"author":[{"embeddable":true,"href":"https:\/\/archive.sana.sy\/tr\/index.php?rest_route=\/wp\/v2\/users\/44"}],"replies":[{"embeddable":true,"href":"https:\/\/archive.sana.sy\/tr\/index.php?rest_route=%2Fwp%2Fv2%2Fcomments&post=326441"}],"version-history":[{"count":1,"href":"https:\/\/archive.sana.sy\/tr\/index.php?rest_route=\/wp\/v2\/posts\/326441\/revisions"}],"predecessor-version":[{"id":326443,"href":"https:\/\/archive.sana.sy\/tr\/index.php?rest_route=\/wp\/v2\/posts\/326441\/revisions\/326443"}],"wp:featuredmedia":[{"embeddable":true,"href":"https:\/\/archive.sana.sy\/tr\/index.php?rest_route=\/wp\/v2\/media\/326442"}],"wp:attachment":[{"href":"https:\/\/archive.sana.sy\/tr\/index.php?rest_route=%2Fwp%2Fv2%2Fmedia&parent=326441"}],"wp:term":[{"taxonomy":"category","embeddable":true,"href":"https:\/\/archive.sana.sy\/tr\/index.php?rest_route=%2Fwp%2Fv2%2Fcategories&post=326441"},{"taxonomy":"post_tag","embeddable":true,"href":"https:\/\/archive.sana.sy\/tr\/index.php?rest_route=%2Fwp%2Fv2%2Ftags&post=326441"}],"curies":[{"name":"wp","href":"https:\/\/api.w.org\/{rel}","templated":true}]}}