{"id":326444,"date":"2025-07-25T10:00:49","date_gmt":"2025-07-25T07:00:49","guid":{"rendered":"https:\/\/sana.sy\/tr\/?p=326444"},"modified":"2025-07-25T12:52:33","modified_gmt":"2025-07-25T09:52:33","slug":"ingiltere-gazzede-ateskes-cagrisini-yineledi","status":"publish","type":"post","link":"https:\/\/archive.sana.sy\/tr\/?p=326444","title":{"rendered":"\u0130ngiltere, Gazze&#8217;de Ate\u015fkes \u00c7a\u011fr\u0131s\u0131n\u0131 Yineledi"},"content":{"rendered":"<p style=\"text-align: justify;\"><span style=\"color: #ff0000;\"><strong>S\u0130DNEY (SANA) \u2013<\/strong><\/span> Britanya D\u0131\u015fi\u015fleri Bakan\u0131 David Lammy, bug\u00fcn Gazze \u015eeridi\u2019nde ate\u015fkes \u00e7a\u011fr\u0131s\u0131n\u0131 yineleyerek, Gazze\u2019deki k\u00f6t\u00fcle\u015fen durumun \u201csavunulamayacak\u201d seviyede oldu\u011funu vurgulad\u0131.<\/p>\n<p style=\"text-align: justify;\">Reuters ajans\u0131na g\u00f6re, Sidney\u2019de Avustralya Savunma Bakan\u0131 ile ortak d\u00fczenledi\u011fi bas\u0131n toplant\u0131s\u0131nda Lammy, \u201c\u00c7ocuklar\u0131n yard\u0131m isterken hayatlar\u0131n\u0131 kaybetti\u011fi sahneler, d\u00fcnyan\u0131n pek \u00e7ok yerinde deh\u015fet yaratt\u0131. Bu nedenle, bug\u00fcn yeniden ate\u015fkes \u00e7a\u011fr\u0131m\u0131 yineliyorum.\u201d dedi.<\/p>\n<p style=\"text-align: justify;\">Uluslararas\u0131 kamuoyu, \u0130srail i\u015fgalinin Gazze\u2019de devam eden su\u00e7lar\u0131n\u0131 k\u0131namaya devam ediyor. Bunlardan sonuncusu ise birka\u00e7 g\u00fcn \u00f6nce, i\u015fgal g\u00fc\u00e7lerinin uluslararas\u0131 insani yard\u0131m almak i\u00e7in toplanan Filistinlilere ate\u015f a\u00e7mas\u0131yd\u0131.<\/p>\n","protected":false},"excerpt":{"rendered":"<p>S\u0130DNEY (SANA) \u2013 Britanya D\u0131\u015fi\u015fleri Bakan\u0131 David Lammy, bug\u00fcn Gazze \u015eeridi\u2019nde ate\u015fkes \u00e7a\u011fr\u0131s\u0131n\u0131 yineleyerek, Gazze\u2019deki k\u00f6t\u00fcle\u015fen durumun \u201csavunulamayacak\u201d seviyede oldu\u011funu vurgulad\u0131. Reuters ajans\u0131na g\u00f6re, Sidney\u2019de Avustralya Savunma Bakan\u0131 ile ortak d\u00fczenledi\u011fi bas\u0131n toplant\u0131s\u0131nda Lammy, \u201c\u00c7ocuklar\u0131n yard\u0131m isterken hayatlar\u0131n\u0131 kaybetti\u011fi sahneler, d\u00fcnyan\u0131n pek \u00e7ok yerinde deh\u015fet yaratt\u0131. Bu nedenle, bug\u00fcn yeniden ate\u015fkes \u00e7a\u011fr\u0131m\u0131 yineliyorum.\u201d dedi. Uluslararas\u0131 &hellip;<\/p>\n","protected":false},"author":44,"featured_media":326445,"comment_status":"closed","ping_status":"closed","sticky":false,"template":"","format":"standard","meta":{"footnotes":""},"categories":[458,589,459,17988],"tags":[44102,25610],"class_list":["post-326444","post","type-post","status-publish","format-standard","has-post-thumbnail","","category-dunya1","category-haber-seridi","category-haberler-arap-uluslararasi-politika","category-son-haberler","tag-gazzede-ateskes-cagrisini-yineledi","tag-ingiltere"],"_links":{"self":[{"href":"https:\/\/archive.sana.sy\/tr\/index.php?rest_route=\/wp\/v2\/posts\/326444","targetHints":{"allow":["GET"]}}],"collection":[{"href":"https:\/\/archive.sana.sy\/tr\/index.php?rest_route=\/wp\/v2\/posts"}],"about":[{"href":"https:\/\/archive.sana.sy\/tr\/index.php?rest_route=\/wp\/v2\/types\/post"}],"author":[{"embeddable":true,"href":"https:\/\/archive.sana.sy\/tr\/index.php?rest_route=\/wp\/v2\/users\/44"}],"replies":[{"embeddable":true,"href":"https:\/\/archive.sana.sy\/tr\/index.php?rest_route=%2Fwp%2Fv2%2Fcomments&post=326444"}],"version-history":[{"count":1,"href":"https:\/\/archive.sana.sy\/tr\/index.php?rest_route=\/wp\/v2\/posts\/326444\/revisions"}],"predecessor-version":[{"id":326446,"href":"https:\/\/archive.sana.sy\/tr\/index.php?rest_route=\/wp\/v2\/posts\/326444\/revisions\/326446"}],"wp:featuredmedia":[{"embeddable":true,"href":"https:\/\/archive.sana.sy\/tr\/index.php?rest_route=\/wp\/v2\/media\/326445"}],"wp:attachment":[{"href":"https:\/\/archive.sana.sy\/tr\/index.php?rest_route=%2Fwp%2Fv2%2Fmedia&parent=326444"}],"wp:term":[{"taxonomy":"category","embeddable":true,"href":"https:\/\/archive.sana.sy\/tr\/index.php?rest_route=%2Fwp%2Fv2%2Fcategories&post=326444"},{"taxonomy":"post_tag","embeddable":true,"href":"https:\/\/archive.sana.sy\/tr\/index.php?rest_route=%2Fwp%2Fv2%2Ftags&post=326444"}],"curies":[{"name":"wp","href":"https:\/\/api.w.org\/{rel}","templated":true}]}}