{"id":326447,"date":"2025-07-25T14:36:38","date_gmt":"2025-07-25T11:36:38","guid":{"rendered":"https:\/\/sana.sy\/tr\/?p=326447"},"modified":"2025-07-25T14:50:28","modified_gmt":"2025-07-25T11:50:28","slug":"nevada-kacirilan-gonullu-hamza-el-amarinin-akibetinin-belirlemek-icin-dayanisma-durusu-duzenlendi","status":"publish","type":"post","link":"https:\/\/archive.sana.sy\/tr\/?p=326447","title":{"rendered":"Neva&#8217;da, Ka\u00e7\u0131r\u0131lan G\u00f6n\u00fcll\u00fc Hamza El Amarin&#8217;in Ak\u0131betini Belirlemek \u0130\u00e7in Dayan\u0131\u015fma Duru\u015fu D\u00fczenlendi"},"content":{"rendered":"<p style=\"text-align: justify;\"><span style=\"color: #ff0000;\"><strong>DERA (SANA) \u2013<\/strong><\/span> Dera k\u0131rsal\u0131ndaki Neva&#8217;da ileri gelenler, yerel halk ve Sivil Savunma personeli, Sivil Savunma Acil Durum M\u00fcdahale Merkezi Ba\u015fkan\u0131 ve ka\u00e7\u0131r\u0131lan g\u00f6n\u00fcll\u00fc Hamza El Amarin&#8217;in ak\u0131betinin a\u00e7\u0131klanmas\u0131n\u0131 talep etmek i\u00e7in Sivil Savunma Merkezi&#8217;nde bir dayan\u0131\u015fma duru\u015fu d\u00fczenledi.<\/p>\n<p style=\"text-align: justify;\">Dayan\u0131\u015fma duru\u015funa, El Amarin&#8217;in ak\u0131betinin belirlenmesini talep eden pankartlar ta\u015f\u0131yan \u00e7ok say\u0131da aktivist kat\u0131ld\u0131. Ailesi, h\u00fck\u00fcmete ve Acil Durumlar ve Afet Y\u00f6netimi Bakanl\u0131\u011f\u0131&#8217;na, onun nerede oldu\u011funun ortaya \u00e7\u0131kar\u0131lmas\u0131 i\u00e7in \u00e7abalar\u0131n\u0131 yo\u011funla\u015ft\u0131rmalar\u0131 \u00e7a\u011fr\u0131s\u0131nda bulundu.<\/p>\n<p style=\"text-align: justify;\">Suriye Sivil Savunma \u00d6rg\u00fct\u00fc&#8217;ne g\u00f6re, El Amarin ile ileti\u015fim, 16 Temmuz tarihinde S\u00fcveyda kentinde bir BM ekibinin tahliye g\u00f6revini y\u00fcr\u00fctt\u00fc\u011f\u00fc s\u0131rada kesilmi\u015fti.<\/p>\n<div id='gallery-1' class='gallery galleryid-326447 gallery-columns-1 gallery-size-full'><figure class='gallery-item'>\n\t\t\t<div class='gallery-icon landscape'>\n\t\t\t\t<a href='https:\/\/archive.sana.sy\/tr\/?attachment_id=326449'><img loading=\"lazy\" decoding=\"async\" width=\"2560\" height=\"1702\" src=\"https:\/\/archive.sana.sy\/tr\/wp-content\/uploads\/2025\/07\/1-23.jpg\" class=\"attachment-full size-full\" alt=\"\" srcset=\"https:\/\/archive.sana.sy\/tr\/wp-content\/uploads\/2025\/07\/1-23.jpg 2560w, https:\/\/archive.sana.sy\/tr\/wp-content\/uploads\/2025\/07\/1-23-300x199.jpg 300w, https:\/\/archive.sana.sy\/tr\/wp-content\/uploads\/2025\/07\/1-23-1024x681.jpg 1024w, https:\/\/archive.sana.sy\/tr\/wp-content\/uploads\/2025\/07\/1-23-768x511.jpg 768w, https:\/\/archive.sana.sy\/tr\/wp-content\/uploads\/2025\/07\/1-23-1536x1021.jpg 1536w, https:\/\/archive.sana.sy\/tr\/wp-content\/uploads\/2025\/07\/1-23-2048x1362.jpg 2048w, https:\/\/archive.sana.sy\/tr\/wp-content\/uploads\/2025\/07\/1-23-310x205.jpg 310w\" sizes=\"auto, (max-width: 2560px) 100vw, 2560px\" \/><\/a>\n\t\t\t<\/div><\/figure><figure class='gallery-item'>\n\t\t\t<div class='gallery-icon landscape'>\n\t\t\t\t<a href='https:\/\/archive.sana.sy\/tr\/?attachment_id=326450'><img loading=\"lazy\" decoding=\"async\" width=\"2560\" height=\"2066\" src=\"https:\/\/archive.sana.sy\/tr\/wp-content\/uploads\/2025\/07\/2-24.jpg\" class=\"attachment-full size-full\" alt=\"\" srcset=\"https:\/\/archive.sana.sy\/tr\/wp-content\/uploads\/2025\/07\/2-24.jpg 2560w, https:\/\/archive.sana.sy\/tr\/wp-content\/uploads\/2025\/07\/2-24-300x242.jpg 300w, https:\/\/archive.sana.sy\/tr\/wp-content\/uploads\/2025\/07\/2-24-1024x826.jpg 1024w, https:\/\/archive.sana.sy\/tr\/wp-content\/uploads\/2025\/07\/2-24-768x620.jpg 768w, https:\/\/archive.sana.sy\/tr\/wp-content\/uploads\/2025\/07\/2-24-1536x1240.jpg 1536w, https:\/\/archive.sana.sy\/tr\/wp-content\/uploads\/2025\/07\/2-24-2048x1653.jpg 2048w\" sizes=\"auto, (max-width: 2560px) 100vw, 2560px\" \/><\/a>\n\t\t\t<\/div><\/figure>\n\t\t<\/div>\n\n","protected":false},"excerpt":{"rendered":"<p>DERA (SANA) \u2013 Dera k\u0131rsal\u0131ndaki Neva&#8217;da ileri gelenler, yerel halk ve Sivil Savunma personeli, Sivil Savunma Acil Durum M\u00fcdahale Merkezi Ba\u015fkan\u0131 ve ka\u00e7\u0131r\u0131lan g\u00f6n\u00fcll\u00fc Hamza El Amarin&#8217;in ak\u0131betinin a\u00e7\u0131klanmas\u0131n\u0131 talep etmek i\u00e7in Sivil Savunma Merkezi&#8217;nde bir dayan\u0131\u015fma duru\u015fu d\u00fczenledi. Dayan\u0131\u015fma duru\u015funa, El Amarin&#8217;in ak\u0131betinin belirlenmesini talep eden pankartlar ta\u015f\u0131yan \u00e7ok say\u0131da aktivist kat\u0131ld\u0131. Ailesi, h\u00fck\u00fcmete &hellip;<\/p>\n","protected":false},"author":44,"featured_media":326448,"comment_status":"closed","ping_status":"closed","sticky":false,"template":"","format":"standard","meta":{"footnotes":""},"categories":[589,479,17988,478],"tags":[44105,44103],"class_list":["post-326447","post","type-post","status-publish","format-standard","has-post-thumbnail","","category-haber-seridi","category-haberler-yerel","category-son-haberler","category-yerel","tag-kacirilan-gonullu-hamza-el-amarinin-akibetini-belirlemek-icin-dayanisma-durusu-duzenlendi","tag-nevada"],"_links":{"self":[{"href":"https:\/\/archive.sana.sy\/tr\/index.php?rest_route=\/wp\/v2\/posts\/326447","targetHints":{"allow":["GET"]}}],"collection":[{"href":"https:\/\/archive.sana.sy\/tr\/index.php?rest_route=\/wp\/v2\/posts"}],"about":[{"href":"https:\/\/archive.sana.sy\/tr\/index.php?rest_route=\/wp\/v2\/types\/post"}],"author":[{"embeddable":true,"href":"https:\/\/archive.sana.sy\/tr\/index.php?rest_route=\/wp\/v2\/users\/44"}],"replies":[{"embeddable":true,"href":"https:\/\/archive.sana.sy\/tr\/index.php?rest_route=%2Fwp%2Fv2%2Fcomments&post=326447"}],"version-history":[{"count":3,"href":"https:\/\/archive.sana.sy\/tr\/index.php?rest_route=\/wp\/v2\/posts\/326447\/revisions"}],"predecessor-version":[{"id":326453,"href":"https:\/\/archive.sana.sy\/tr\/index.php?rest_route=\/wp\/v2\/posts\/326447\/revisions\/326453"}],"wp:featuredmedia":[{"embeddable":true,"href":"https:\/\/archive.sana.sy\/tr\/index.php?rest_route=\/wp\/v2\/media\/326448"}],"wp:attachment":[{"href":"https:\/\/archive.sana.sy\/tr\/index.php?rest_route=%2Fwp%2Fv2%2Fmedia&parent=326447"}],"wp:term":[{"taxonomy":"category","embeddable":true,"href":"https:\/\/archive.sana.sy\/tr\/index.php?rest_route=%2Fwp%2Fv2%2Fcategories&post=326447"},{"taxonomy":"post_tag","embeddable":true,"href":"https:\/\/archive.sana.sy\/tr\/index.php?rest_route=%2Fwp%2Fv2%2Ftags&post=326447"}],"curies":[{"name":"wp","href":"https:\/\/api.w.org\/{rel}","templated":true}]}}