{"id":326454,"date":"2025-07-25T15:11:17","date_gmt":"2025-07-25T12:11:17","guid":{"rendered":"https:\/\/sana.sy\/tr\/?p=326454"},"modified":"2025-07-27T14:51:49","modified_gmt":"2025-07-27T11:51:49","slug":"disisleri-ve-gurbetciler-bakani-pariste-fransiz-mevkidasi-ve-abdnin-suriye-ozel-temsilcisi-ile-bir-araya-geldi","status":"publish","type":"post","link":"https:\/\/archive.sana.sy\/tr\/?p=326454","title":{"rendered":"D\u0131\u015fi\u015fleri Ve Gurbet\u00e7iler Bakan\u0131, Paris&#8217;te Frans\u0131z Mevkida\u015f\u0131 Ve ABD&#8217;nin Suriye \u00d6zel Temsilcisi \u0130le Bir Araya Geldi"},"content":{"rendered":"<p style=\"text-align: justify;\"><span style=\"color: #800000;\"><strong>\u015eAM (SANA) &#8211;<\/strong> <\/span>D\u0131\u015fi\u015fleri ve Gurbet\u00e7iler Bakan\u0131 Asaad El \u015eeybani, Frans\u0131z mevkida\u015f\u0131 Jean-No\u00ebl Barrot ve ABD&#8217;nin Suriye \u00d6zel Temsilcisi Thomas Barrack ile Fransa&#8217;n\u0131n ba\u015fkenti Paris&#8217;te bir araya geldi.<\/p>\n<p style=\"text-align: justify;\">G\u00f6r\u00fc\u015fmede her iki taraf da Suriye&#8217;nin birli\u011fi, egemenli\u011fi ve istikrar\u0131na destek vermenin yan\u0131 s\u0131ra ter\u00f6rle m\u00fccadelede ortak i\u015f birli\u011fini vurgulad\u0131.<\/p>\n<p style=\"text-align: justify;\">G\u00f6r\u00fc\u015fmede ayr\u0131ca, Suriye&#8217;nin \u015fiddet faillerini sorumlu tutma \u00e7abalar\u0131na destek vurguland\u0131 ve Suriye Demokratik G\u00fc\u00e7leri ile 10 Mart mutabakat\u0131 kapsam\u0131nda Suriye Demokratik G\u00fc\u00e7leri ile isti\u015farelerin s\u00fcrd\u00fcr\u00fclmesi kararla\u015ft\u0131r\u0131ld\u0131.<\/p>\n","protected":false},"excerpt":{"rendered":"<p>\u015eAM (SANA) &#8211; D\u0131\u015fi\u015fleri ve Gurbet\u00e7iler Bakan\u0131 Asaad El \u015eeybani, Frans\u0131z mevkida\u015f\u0131 Jean-No\u00ebl Barrot ve ABD&#8217;nin Suriye \u00d6zel Temsilcisi Thomas Barrack ile Fransa&#8217;n\u0131n ba\u015fkenti Paris&#8217;te bir araya geldi. G\u00f6r\u00fc\u015fmede her iki taraf da Suriye&#8217;nin birli\u011fi, egemenli\u011fi ve istikrar\u0131na destek vermenin yan\u0131 s\u0131ra ter\u00f6rle m\u00fccadelede ortak i\u015f birli\u011fini vurgulad\u0131. G\u00f6r\u00fc\u015fmede ayr\u0131ca, Suriye&#8217;nin \u015fiddet faillerini sorumlu tutma &hellip;<\/p>\n","protected":false},"author":44,"featured_media":326455,"comment_status":"closed","ping_status":"closed","sticky":false,"template":"","format":"standard","meta":{"footnotes":""},"categories":[589,479,17988,478],"tags":[18727,44106],"class_list":["post-326454","post","type-post","status-publish","format-standard","has-post-thumbnail","","category-haber-seridi","category-haberler-yerel","category-son-haberler","category-yerel","tag-disisleri-ve-gurbetciler-bakani","tag-pariste-fransiz-mevkidasi-ve-abdnin-suriye-ozel-temsilcisi-ile-bir-araya-geldi"],"_links":{"self":[{"href":"https:\/\/archive.sana.sy\/tr\/index.php?rest_route=\/wp\/v2\/posts\/326454","targetHints":{"allow":["GET"]}}],"collection":[{"href":"https:\/\/archive.sana.sy\/tr\/index.php?rest_route=\/wp\/v2\/posts"}],"about":[{"href":"https:\/\/archive.sana.sy\/tr\/index.php?rest_route=\/wp\/v2\/types\/post"}],"author":[{"embeddable":true,"href":"https:\/\/archive.sana.sy\/tr\/index.php?rest_route=\/wp\/v2\/users\/44"}],"replies":[{"embeddable":true,"href":"https:\/\/archive.sana.sy\/tr\/index.php?rest_route=%2Fwp%2Fv2%2Fcomments&post=326454"}],"version-history":[{"count":1,"href":"https:\/\/archive.sana.sy\/tr\/index.php?rest_route=\/wp\/v2\/posts\/326454\/revisions"}],"predecessor-version":[{"id":326456,"href":"https:\/\/archive.sana.sy\/tr\/index.php?rest_route=\/wp\/v2\/posts\/326454\/revisions\/326456"}],"wp:featuredmedia":[{"embeddable":true,"href":"https:\/\/archive.sana.sy\/tr\/index.php?rest_route=\/wp\/v2\/media\/326455"}],"wp:attachment":[{"href":"https:\/\/archive.sana.sy\/tr\/index.php?rest_route=%2Fwp%2Fv2%2Fmedia&parent=326454"}],"wp:term":[{"taxonomy":"category","embeddable":true,"href":"https:\/\/archive.sana.sy\/tr\/index.php?rest_route=%2Fwp%2Fv2%2Fcategories&post=326454"},{"taxonomy":"post_tag","embeddable":true,"href":"https:\/\/archive.sana.sy\/tr\/index.php?rest_route=%2Fwp%2Fv2%2Ftags&post=326454"}],"curies":[{"name":"wp","href":"https:\/\/api.w.org\/{rel}","templated":true}]}}