{"id":326457,"date":"2025-07-25T15:32:14","date_gmt":"2025-07-25T12:32:14","guid":{"rendered":"https:\/\/sana.sy\/tr\/?p=326457"},"modified":"2025-07-27T14:52:17","modified_gmt":"2025-07-27T11:52:17","slug":"suriye-arap-cumhuriyeti-fransa-cumhuriyeti-ve-abd-arasinda-suriyede-istikrar-gorusmelerine-iliskin-ortak-aciklama","status":"publish","type":"post","link":"https:\/\/archive.sana.sy\/tr\/?p=326457","title":{"rendered":"Suriye Arap Cumhuriyeti, Fransa Cumhuriyeti ve ABD Aras\u0131nda Suriye&#8217;de \u0130stikrar G\u00f6r\u00fc\u015fmelerine \u0130li\u015fkin Ortak A\u00e7\u0131klama"},"content":{"rendered":"<p style=\"text-align: justify;\"><span style=\"color: #ff0000;\"><strong>PAR\u0130S (SANA)<\/strong> &#8211;<\/span> D\u0131\u015fi\u015fleri ve Gurbet\u00e7iler Bakan\u0131 Asaad El \u015eeybani, Fransa D\u0131\u015fi\u015fleri Bakan\u0131 Jean-No\u00ebl Barrot ve ABD&#8217;nin T\u00fcrkiye B\u00fcy\u00fckel\u00e7isi ve ABD&#8217;nin Suriye \u00d6zel Temsilcisi Thomas Barrack, kat\u0131l\u0131mc\u0131 taraflar aras\u0131ndaki yak\u0131n i\u015fbirli\u011fi \u00e7er\u00e7evesinde ve Suriye Arap Cumhuriyeti a\u00e7\u0131s\u0131ndan kritik bir anda Fransa&#8217;n\u0131n ba\u015fkenti Paris&#8217;te samimi ve yap\u0131c\u0131 bir g\u00f6r\u00fc\u015fme ger\u00e7ekle\u015ftirdi.<\/p>\n<p style=\"text-align: justify;\">Diyalog ortam\u0131 ve gerginli\u011fin azalt\u0131lmas\u0131 y\u00f6n\u00fcndeki g\u00fc\u00e7l\u00fc istek \u0131\u015f\u0131\u011f\u0131nda Suriye Arap Cumhuriyeti, Amerika Birle\u015fik Devletleri ve Fransa Cumhuriyeti \u015fu hususlarda mutabakata vard\u0131:<\/p>\n<ul style=\"text-align: justify;\">\n<li>Suriye&#8217;de ge\u00e7i\u015f s\u00fcrecinin ba\u015far\u0131s\u0131n\u0131 sa\u011flamak, \u00fclkenin birli\u011fini, istikrar\u0131n\u0131 ve t\u00fcm topraklar\u0131 \u00fczerindeki egemenli\u011fini g\u00fcvence alt\u0131na almak i\u00e7in gerekli \u00e7abalara h\u0131zla kat\u0131l\u0131m.<\/li>\n<li>Ter\u00f6rizmin her t\u00fcrl\u00fcs\u00fcyle m\u00fccadelede ortak i\u015fbirli\u011fi taahh\u00fcd\u00fc ve Suriye devletinin ve kurumlar\u0131n\u0131n g\u00fcvenlik zorluklar\u0131n\u0131 ele alma kabiliyetlerinin desteklenmesi.<\/li>\n<li>\u00d6zellikle Kuzeydo\u011fu Suriye ve S\u00fcveyda Vilayeti&#8217;nde ulusal uzla\u015f\u0131y\u0131 sa\u011flamak ve toplumsal uyumu g\u00fc\u00e7lendirmek amac\u0131yla Suriye h\u00fck\u00fcmetinin siyasi ge\u00e7i\u015f s\u00fcrecini desteklemek.<\/li>\n<li>En k\u0131sa s\u00fcrede 10 Mart mutabakat\u0131n\u0131 tam olarak hayata ge\u00e7irmek i\u00e7in Suriye h\u00fck\u00fcmeti ile Suriye Demokratik G\u00fc\u00e7leri aras\u0131nda Paris&#8217;te bir dizi isti\u015fare ger\u00e7ekle\u015ftirilmesi.<\/li>\n<li>\u015eiddet faillerinin hesap vermesini sa\u011flamaya y\u00f6nelik \u00e7abalar\u0131 destekliyor ve bu \u00e7er\u00e7evede Suriye k\u0131y\u0131lar\u0131nda meydana gelen olaylar\u0131 ara\u015ft\u0131rmak ve soru\u015fturmakla g\u00f6revli Ba\u011f\u0131ms\u0131z Ulusal Komisyon&#8217;un son raporu da dahil olmak \u00fczere \u015feffaf raporlar\u0131n sonu\u00e7lar\u0131n\u0131 memnuniyetle kar\u015f\u0131l\u0131yoruz.<\/li>\n<li>Kom\u015fu \u00fclkelerin Suriye&#8217;nin istikrar\u0131na herhangi bir tehdit olu\u015fturmad\u0131\u011f\u0131n\u0131n vurgulanmas\u0131; buna kar\u015f\u0131l\u0131k Suriye&#8217;nin, t\u00fcm b\u00f6lgenin istikrar\u0131n\u0131 korumak amac\u0131yla kom\u015fular\u0131n\u0131n g\u00fcvenli\u011fine tehdit olu\u015fturmama kararl\u0131l\u0131\u011f\u0131n\u0131n teyit edilmesi.<\/li>\n<\/ul>\n","protected":false},"excerpt":{"rendered":"<p>PAR\u0130S (SANA) &#8211; D\u0131\u015fi\u015fleri ve Gurbet\u00e7iler Bakan\u0131 Asaad El \u015eeybani, Fransa D\u0131\u015fi\u015fleri Bakan\u0131 Jean-No\u00ebl Barrot ve ABD&#8217;nin T\u00fcrkiye B\u00fcy\u00fckel\u00e7isi ve ABD&#8217;nin Suriye \u00d6zel Temsilcisi Thomas Barrack, kat\u0131l\u0131mc\u0131 taraflar aras\u0131ndaki yak\u0131n i\u015fbirli\u011fi \u00e7er\u00e7evesinde ve Suriye Arap Cumhuriyeti a\u00e7\u0131s\u0131ndan kritik bir anda Fransa&#8217;n\u0131n ba\u015fkenti Paris&#8217;te samimi ve yap\u0131c\u0131 bir g\u00f6r\u00fc\u015fme ger\u00e7ekle\u015ftirdi. Diyalog ortam\u0131 ve gerginli\u011fin azalt\u0131lmas\u0131 y\u00f6n\u00fcndeki &hellip;<\/p>\n","protected":false},"author":44,"featured_media":326458,"comment_status":"closed","ping_status":"closed","sticky":false,"template":"","format":"standard","meta":{"footnotes":""},"categories":[589,479,17988,478],"tags":[44107,19844],"class_list":["post-326457","post","type-post","status-publish","format-standard","has-post-thumbnail","","category-haber-seridi","category-haberler-yerel","category-son-haberler","category-yerel","tag-fransa-cumhuriyeti-ve-abd-arasinda-suriyede-istikrar-gorusmelerine-iliskin-ortak-aciklama","tag-suriye-arap-cumhuriyeti"],"_links":{"self":[{"href":"https:\/\/archive.sana.sy\/tr\/index.php?rest_route=\/wp\/v2\/posts\/326457","targetHints":{"allow":["GET"]}}],"collection":[{"href":"https:\/\/archive.sana.sy\/tr\/index.php?rest_route=\/wp\/v2\/posts"}],"about":[{"href":"https:\/\/archive.sana.sy\/tr\/index.php?rest_route=\/wp\/v2\/types\/post"}],"author":[{"embeddable":true,"href":"https:\/\/archive.sana.sy\/tr\/index.php?rest_route=\/wp\/v2\/users\/44"}],"replies":[{"embeddable":true,"href":"https:\/\/archive.sana.sy\/tr\/index.php?rest_route=%2Fwp%2Fv2%2Fcomments&post=326457"}],"version-history":[{"count":4,"href":"https:\/\/archive.sana.sy\/tr\/index.php?rest_route=\/wp\/v2\/posts\/326457\/revisions"}],"predecessor-version":[{"id":326462,"href":"https:\/\/archive.sana.sy\/tr\/index.php?rest_route=\/wp\/v2\/posts\/326457\/revisions\/326462"}],"wp:featuredmedia":[{"embeddable":true,"href":"https:\/\/archive.sana.sy\/tr\/index.php?rest_route=\/wp\/v2\/media\/326458"}],"wp:attachment":[{"href":"https:\/\/archive.sana.sy\/tr\/index.php?rest_route=%2Fwp%2Fv2%2Fmedia&parent=326457"}],"wp:term":[{"taxonomy":"category","embeddable":true,"href":"https:\/\/archive.sana.sy\/tr\/index.php?rest_route=%2Fwp%2Fv2%2Fcategories&post=326457"},{"taxonomy":"post_tag","embeddable":true,"href":"https:\/\/archive.sana.sy\/tr\/index.php?rest_route=%2Fwp%2Fv2%2Ftags&post=326457"}],"curies":[{"name":"wp","href":"https:\/\/api.w.org\/{rel}","templated":true}]}}