{"id":326466,"date":"2025-07-25T16:07:55","date_gmt":"2025-07-25T13:07:55","guid":{"rendered":"https:\/\/sana.sy\/tr\/?p=326466"},"modified":"2025-07-25T16:07:55","modified_gmt":"2025-07-25T13:07:55","slug":"barrack-suriyenin-refaha-kavusmasi-icin-calismaya-devam-edecegiz","status":"publish","type":"post","link":"https:\/\/archive.sana.sy\/tr\/?p=326466","title":{"rendered":"Barrack: Suriye&#8217;nin Refaha Kavu\u015fmas\u0131 \u0130\u00e7in \u00c7al\u0131\u015fmaya Devam Edece\u011fiz"},"content":{"rendered":"<p style=\"text-align: justify;\"><span style=\"color: #800000;\"><strong>WASH\u0130NGtON (SANA) &#8211;<\/strong> <\/span>ABD&#8217;nin Suriye \u00d6zel Temsilcisi Thomas Barrack, ABD&#8217;nin Suriye&#8217;nin refah ve istikrara kavu\u015fmas\u0131 i\u00e7in deste\u011fini s\u00fcrd\u00fcrece\u011fini belirtti.<\/p>\n<p style=\"text-align: justify;\">Barrack, bug\u00fcn X hesab\u0131ndan yapt\u0131\u011f\u0131 payla\u015f\u0131mda, &#8220;\u0130stikrarl\u0131, g\u00fcvenli ve birle\u015fik bir Suriye, b\u00fcy\u00fck kom\u015fular ve m\u00fcttefikler temeline dayan\u0131r&#8221; ifadelerini kullan\u0131rken, ABD D\u0131\u015fi\u015fleri Bakan\u0131 Marco Rubio&#8217;nun &#8220;\u00c7at\u0131\u015fmalar, ABD&#8217;nin giri\u015fti\u011fi \u0131srarl\u0131 ve enerjik diplomasi sayesinde sona erer&#8221; ifadesini hat\u0131rlatt\u0131.<\/p>\n<p style=\"text-align: justify;\">Barrack, bug\u00fcn X platformundaki hesab\u0131ndan yapt\u0131\u011f\u0131 payla\u015f\u0131mda \u015funlar\u0131 s\u00f6yledi: &#8220;\u0130stikrarl\u0131, g\u00fcvenli ve birle\u015fik bir Suriye, b\u00fcy\u00fck kom\u015fular ve m\u00fcttefikler temeline dayan\u0131r&#8221; diyen Trump, ABD D\u0131\u015fi\u015fleri Bakan\u0131 Marco Rubio&#8217;nun &#8220;\u00c7at\u0131\u015fmalar, ABD&#8217;nin giri\u015fmeye \u00e7al\u0131\u015ft\u0131\u011f\u0131 \u0131srarl\u0131 ve enerjik diplomasi sayesinde sona erer&#8221; ifadesini hat\u0131rlatt\u0131.<\/p>\n<p style=\"text-align: justify;\">Barrack ayr\u0131ca \u015funlar\u0131 kaydetti: &#8220;Dostlar\u0131m\u0131z ve ortaklar\u0131m\u0131zla i\u015f birli\u011fi i\u00e7inde Suriye&#8217;de refah\u0131n in\u015fas\u0131 i\u00e7in \u00e7al\u0131\u015fmaya devam edece\u011fiz.\u2019\u2019<\/p>\n","protected":false},"excerpt":{"rendered":"<p>WASH\u0130NGtON (SANA) &#8211; ABD&#8217;nin Suriye \u00d6zel Temsilcisi Thomas Barrack, ABD&#8217;nin Suriye&#8217;nin refah ve istikrara kavu\u015fmas\u0131 i\u00e7in deste\u011fini s\u00fcrd\u00fcrece\u011fini belirtti. Barrack, bug\u00fcn X hesab\u0131ndan yapt\u0131\u011f\u0131 payla\u015f\u0131mda, &#8220;\u0130stikrarl\u0131, g\u00fcvenli ve birle\u015fik bir Suriye, b\u00fcy\u00fck kom\u015fular ve m\u00fcttefikler temeline dayan\u0131r&#8221; ifadelerini kullan\u0131rken, ABD D\u0131\u015fi\u015fleri Bakan\u0131 Marco Rubio&#8217;nun &#8220;\u00c7at\u0131\u015fmalar, ABD&#8217;nin giri\u015fti\u011fi \u0131srarl\u0131 ve enerjik diplomasi sayesinde sona erer&#8221; ifadesini &hellip;<\/p>\n","protected":false},"author":44,"featured_media":326467,"comment_status":"closed","ping_status":"closed","sticky":false,"template":"","format":"standard","meta":{"footnotes":""},"categories":[458,589,459,17988],"tags":[44109],"class_list":["post-326466","post","type-post","status-publish","format-standard","has-post-thumbnail","","category-dunya1","category-haber-seridi","category-haberler-arap-uluslararasi-politika","category-son-haberler","tag-barrack-suriyenin-refaha-kavusmasi-icin-calismaya-devam-edecegiz"],"_links":{"self":[{"href":"https:\/\/archive.sana.sy\/tr\/index.php?rest_route=\/wp\/v2\/posts\/326466","targetHints":{"allow":["GET"]}}],"collection":[{"href":"https:\/\/archive.sana.sy\/tr\/index.php?rest_route=\/wp\/v2\/posts"}],"about":[{"href":"https:\/\/archive.sana.sy\/tr\/index.php?rest_route=\/wp\/v2\/types\/post"}],"author":[{"embeddable":true,"href":"https:\/\/archive.sana.sy\/tr\/index.php?rest_route=\/wp\/v2\/users\/44"}],"replies":[{"embeddable":true,"href":"https:\/\/archive.sana.sy\/tr\/index.php?rest_route=%2Fwp%2Fv2%2Fcomments&post=326466"}],"version-history":[{"count":1,"href":"https:\/\/archive.sana.sy\/tr\/index.php?rest_route=\/wp\/v2\/posts\/326466\/revisions"}],"predecessor-version":[{"id":326468,"href":"https:\/\/archive.sana.sy\/tr\/index.php?rest_route=\/wp\/v2\/posts\/326466\/revisions\/326468"}],"wp:featuredmedia":[{"embeddable":true,"href":"https:\/\/archive.sana.sy\/tr\/index.php?rest_route=\/wp\/v2\/media\/326467"}],"wp:attachment":[{"href":"https:\/\/archive.sana.sy\/tr\/index.php?rest_route=%2Fwp%2Fv2%2Fmedia&parent=326466"}],"wp:term":[{"taxonomy":"category","embeddable":true,"href":"https:\/\/archive.sana.sy\/tr\/index.php?rest_route=%2Fwp%2Fv2%2Fcategories&post=326466"},{"taxonomy":"post_tag","embeddable":true,"href":"https:\/\/archive.sana.sy\/tr\/index.php?rest_route=%2Fwp%2Fv2%2Ftags&post=326466"}],"curies":[{"name":"wp","href":"https:\/\/api.w.org\/{rel}","templated":true}]}}