{"id":326469,"date":"2025-07-25T18:02:32","date_gmt":"2025-07-25T15:02:32","guid":{"rendered":"https:\/\/sana.sy\/tr\/?p=326469"},"modified":"2025-07-25T18:02:49","modified_gmt":"2025-07-25T15:02:49","slug":"almanya-guney-suriyedeki-tum-ihtiyac-sahiplerine-yardimlarin-ulasmasini-saglamaya-cagrida-bulundu","status":"publish","type":"post","link":"https:\/\/archive.sana.sy\/tr\/?p=326469","title":{"rendered":"Almanya, G\u00fcney Suriye&#8217;deki T\u00fcm \u0130htiya\u00e7 Sahiplerine Yard\u0131mlar\u0131n Ula\u015fmas\u0131n\u0131 Sa\u011flamaya \u00c7a\u011fr\u0131da Bulundu"},"content":{"rendered":"<p style=\"text-align: justify;\"><span style=\"color: #ff0000;\"><strong>BERL\u0130N (SANA) &#8211;<\/strong> <\/span>Almanya&#8217;n\u0131n \u015eam B\u00fcy\u00fckel\u00e7ili\u011fi Ge\u00e7ici Maslahatg\u00fczar\u0131 Clemens Hach, G\u00fcney Suriye&#8217;deki t\u00fcm ihtiya\u00e7 sahiplerine insani yard\u0131mlar\u0131n ula\u015fmas\u0131n\u0131n sa\u011flanmas\u0131n\u0131n gereklili\u011fini vurgulad\u0131.<\/p>\n<p style=\"text-align: justify;\">Hach, (X) hesab\u0131ndan yapt\u0131\u011f\u0131 payla\u015f\u0131mda, \u201cSon zamanlarda S\u00fcveyda\u2019da ya\u015fanan olaylar\u0131n ard\u0131ndan Almanya, \u015fiddetli \u00e7at\u0131\u015fmalar\u0131n etkilerini hafifletmek i\u00e7in \u00e7al\u0131\u015fmalar y\u00fcr\u00fct\u00fcyor.\u201d ifadelerini kulland\u0131.<\/p>\n<p style=\"text-align: justify;\">Ayr\u0131ca, \u201cAlman finansman\u0131 ile D\u00fcnya G\u0131da Program\u0131, Birle\u015fmi\u015f Milletler Y\u00fcksek M\u00fclteciler Komiserli\u011fi ve Alman K\u0131z\u0131lha\u00e7\u0131, S\u00fcveyda ve Dera halk\u0131na hayati destek sa\u011fl\u0131yor.\u201d dedi.<\/p>\n<p style=\"text-align: justify;\">Hach, t\u00fcm taraflara G\u00fcney Suriye\u2019deki t\u00fcm ihtiya\u00e7 sahiplerine yard\u0131mlar\u0131n derhal ula\u015ft\u0131r\u0131lmas\u0131na izin verme \u00e7a\u011fr\u0131s\u0131nda bulundu.<\/p>\n","protected":false},"excerpt":{"rendered":"<p>BERL\u0130N (SANA) &#8211; Almanya&#8217;n\u0131n \u015eam B\u00fcy\u00fckel\u00e7ili\u011fi Ge\u00e7ici Maslahatg\u00fczar\u0131 Clemens Hach, G\u00fcney Suriye&#8217;deki t\u00fcm ihtiya\u00e7 sahiplerine insani yard\u0131mlar\u0131n ula\u015fmas\u0131n\u0131n sa\u011flanmas\u0131n\u0131n gereklili\u011fini vurgulad\u0131. Hach, (X) hesab\u0131ndan yapt\u0131\u011f\u0131 payla\u015f\u0131mda, \u201cSon zamanlarda S\u00fcveyda\u2019da ya\u015fanan olaylar\u0131n ard\u0131ndan Almanya, \u015fiddetli \u00e7at\u0131\u015fmalar\u0131n etkilerini hafifletmek i\u00e7in \u00e7al\u0131\u015fmalar y\u00fcr\u00fct\u00fcyor.\u201d ifadelerini kulland\u0131. Ayr\u0131ca, \u201cAlman finansman\u0131 ile D\u00fcnya G\u0131da Program\u0131, Birle\u015fmi\u015f Milletler Y\u00fcksek M\u00fclteciler Komiserli\u011fi ve &hellip;<\/p>\n","protected":false},"author":41,"featured_media":326470,"comment_status":"closed","ping_status":"closed","sticky":false,"template":"","format":"standard","meta":{"footnotes":""},"categories":[458,459,17988],"tags":[],"class_list":["post-326469","post","type-post","status-publish","format-standard","has-post-thumbnail","","category-dunya1","category-haberler-arap-uluslararasi-politika","category-son-haberler"],"_links":{"self":[{"href":"https:\/\/archive.sana.sy\/tr\/index.php?rest_route=\/wp\/v2\/posts\/326469","targetHints":{"allow":["GET"]}}],"collection":[{"href":"https:\/\/archive.sana.sy\/tr\/index.php?rest_route=\/wp\/v2\/posts"}],"about":[{"href":"https:\/\/archive.sana.sy\/tr\/index.php?rest_route=\/wp\/v2\/types\/post"}],"author":[{"embeddable":true,"href":"https:\/\/archive.sana.sy\/tr\/index.php?rest_route=\/wp\/v2\/users\/41"}],"replies":[{"embeddable":true,"href":"https:\/\/archive.sana.sy\/tr\/index.php?rest_route=%2Fwp%2Fv2%2Fcomments&post=326469"}],"version-history":[{"count":2,"href":"https:\/\/archive.sana.sy\/tr\/index.php?rest_route=\/wp\/v2\/posts\/326469\/revisions"}],"predecessor-version":[{"id":326472,"href":"https:\/\/archive.sana.sy\/tr\/index.php?rest_route=\/wp\/v2\/posts\/326469\/revisions\/326472"}],"wp:featuredmedia":[{"embeddable":true,"href":"https:\/\/archive.sana.sy\/tr\/index.php?rest_route=\/wp\/v2\/media\/326470"}],"wp:attachment":[{"href":"https:\/\/archive.sana.sy\/tr\/index.php?rest_route=%2Fwp%2Fv2%2Fmedia&parent=326469"}],"wp:term":[{"taxonomy":"category","embeddable":true,"href":"https:\/\/archive.sana.sy\/tr\/index.php?rest_route=%2Fwp%2Fv2%2Fcategories&post=326469"},{"taxonomy":"post_tag","embeddable":true,"href":"https:\/\/archive.sana.sy\/tr\/index.php?rest_route=%2Fwp%2Fv2%2Ftags&post=326469"}],"curies":[{"name":"wp","href":"https:\/\/api.w.org\/{rel}","templated":true}]}}