{"id":326473,"date":"2025-07-25T18:47:34","date_gmt":"2025-07-25T15:47:34","guid":{"rendered":"https:\/\/sana.sy\/tr\/?p=326473"},"modified":"2025-07-25T18:47:34","modified_gmt":"2025-07-25T15:47:34","slug":"suudi-arabistan-suriye-is-konseyi-baskani-konseyin-kurulmasi-suudi-yatirimcilarin-suriyenin-yeniden-insasina-katilimini-saglayacak","status":"publish","type":"post","link":"https:\/\/archive.sana.sy\/tr\/?p=326473","title":{"rendered":"Suudi Arabistan-Suriye \u0130\u015f Konseyi Ba\u015fkan\u0131: Konseyin Kurulmas\u0131, Suudi Yat\u0131r\u0131mc\u0131lar\u0131n Suriye&#8217;nin Yeniden \u0130n\u015fas\u0131na Kat\u0131l\u0131m\u0131n\u0131 Sa\u011flayacak"},"content":{"rendered":"<p style=\"text-align: justify;\"><span style=\"color: #ff0000;\"><strong>R\u0130YAD (SANA) &#8211;<\/strong> <\/span>Suudi Arabistan-Suriye \u0130\u015f Konseyi Ba\u015fkan\u0131 Muhammed bin Abdullah Ebunayan, konseyin kurulmas\u0131n\u0131n Suriye\u2019nin yeni bir d\u00f6neme haz\u0131rland\u0131\u011f\u0131 \u00f6nemli bir zamanda ger\u00e7ekle\u015fti\u011fini ve bu s\u00fcrecin \u00fclkenin yeniden in\u015fas\u0131 i\u00e7in t\u00fcm \u00e7abalar\u0131n birle\u015ftirilmesini gerektirdi\u011fini vurgulad\u0131. Ebunayan, bu \u00e7al\u0131\u015fmalar\u0131n Suriye halk\u0131 i\u00e7in g\u00fcvenlik, istikrar ve refah sa\u011flayaca\u011f\u0131n\u0131 ifade etti.<\/p>\n<p style=\"text-align: justify;\">Abunayan, bug\u00fcn Suudi Arabistan Haber Ajans\u0131\u2019na (SPA) yapt\u0131\u011f\u0131 a\u00e7\u0131klamada, konseyin 2025-2030 y\u0131llar\u0131n\u0131 kapsayan bir eylem plan\u0131 haz\u0131rlamaya ba\u015flad\u0131\u011f\u0131n\u0131 belirtti. Bu plan\u0131n, Suudi Arabistan ile Suriye aras\u0131nda s\u00fcrd\u00fcr\u00fclebilir ekonomik i\u015f birli\u011fini g\u00fc\u00e7lendirmeyi, f\u0131rsatlar\u0131 \u00f6n plana \u00e7\u0131karmay\u0131, stratejik ortakl\u0131klar\u0131 desteklemeyi ve Suudi \u015firketlerinin ihracat\u0131na y\u00f6nelik ticari ve lojistik s\u00fcre\u00e7leri kolayla\u015ft\u0131rmay\u0131 hedefledi\u011fini aktard\u0131.<\/p>\n<p style=\"text-align: justify;\">Ebunayan ayr\u0131ca, plan\u0131n Suudi \u00f6zel sekt\u00f6r\u00fcn\u00fcn Suriye&#8217;deki yeniden in\u015fa ve s\u00fcrd\u00fcr\u00fclebilir kalk\u0131nma f\u0131rsatlar\u0131ndan yararlanmas\u0131n\u0131 sa\u011flamaya odakland\u0131\u011f\u0131n\u0131 s\u00f6yledi. Bu kapsamda ihracat\u0131n desteklenmesi ve prosed\u00fcrlerin kolayla\u015ft\u0131r\u0131lmas\u0131 ama\u00e7lanmakta olup, \u00f6ncelikli sekt\u00f6rler aras\u0131nda altyap\u0131, ticaret, ihracat geli\u015ftirme, gayrimenkul geli\u015ftirme, turizm, sanayi ve g\u0131da g\u00fcvenli\u011fi yer almaktad\u0131r.<\/p>\n<p style=\"text-align: justify;\">Konseyin \u00fcyelerinin, uluslararas\u0131 d\u00fczeyde etkin \u00fcst d\u00fczey Suudi yetkililer ve yat\u0131r\u0131mc\u0131lardan olu\u015ftu\u011funu belirten Ebunayan, bunun konseyin faaliyetlerinde ba\u015far\u0131 \u015fans\u0131n\u0131 ve hedeflerine ula\u015fmas\u0131n\u0131 \u00f6nemli \u00f6l\u00e7\u00fcde art\u0131rd\u0131\u011f\u0131n\u0131 ifade etti.<\/p>\n<p style=\"text-align: justify;\">\u00d6te yandan, Cumhurba\u015fkan\u0131 Say\u0131n Ahmed \u015eara\u2019n\u0131n kat\u0131l\u0131m\u0131yla d\u00fcn (Per\u015fembe, 24 Temmuz) \u015eam\u2019daki Halk Saray\u0131\u2019nda Suudi Arabistan-Suriye Yat\u0131r\u0131m Forumu d\u00fczenlendi. Bakanlar, i\u015f insanlar\u0131 ve yat\u0131r\u0131mc\u0131lar\u0131n kat\u0131ld\u0131\u011f\u0131 forumda toplam 6 milyar dolar de\u011ferinde 47 anla\u015fma ve mutabakat zapt\u0131 imzaland\u0131. Bu ad\u0131m, iki karde\u015f \u00fclke aras\u0131nda ekonomik ve yat\u0131r\u0131m alanlar\u0131nda stratejik ortakl\u0131k temelinde i\u015f birli\u011fini g\u00fc\u00e7lendirmeye y\u00f6nelik \u00f6nemli bir ilerleme olarak de\u011ferlendiriliyor.<\/p>\n","protected":false},"excerpt":{"rendered":"<p>R\u0130YAD (SANA) &#8211; Suudi Arabistan-Suriye \u0130\u015f Konseyi Ba\u015fkan\u0131 Muhammed bin Abdullah Ebunayan, konseyin kurulmas\u0131n\u0131n Suriye\u2019nin yeni bir d\u00f6neme haz\u0131rland\u0131\u011f\u0131 \u00f6nemli bir zamanda ger\u00e7ekle\u015fti\u011fini ve bu s\u00fcrecin \u00fclkenin yeniden in\u015fas\u0131 i\u00e7in t\u00fcm \u00e7abalar\u0131n birle\u015ftirilmesini gerektirdi\u011fini vurgulad\u0131. Ebunayan, bu \u00e7al\u0131\u015fmalar\u0131n Suriye halk\u0131 i\u00e7in g\u00fcvenlik, istikrar ve refah sa\u011flayaca\u011f\u0131n\u0131 ifade etti. Abunayan, bug\u00fcn Suudi Arabistan Haber Ajans\u0131\u2019na (SPA) &hellip;<\/p>\n","protected":false},"author":41,"featured_media":326474,"comment_status":"closed","ping_status":"closed","sticky":false,"template":"","format":"standard","meta":{"footnotes":""},"categories":[458,589,459,17988],"tags":[],"class_list":["post-326473","post","type-post","status-publish","format-standard","has-post-thumbnail","","category-dunya1","category-haber-seridi","category-haberler-arap-uluslararasi-politika","category-son-haberler"],"_links":{"self":[{"href":"https:\/\/archive.sana.sy\/tr\/index.php?rest_route=\/wp\/v2\/posts\/326473","targetHints":{"allow":["GET"]}}],"collection":[{"href":"https:\/\/archive.sana.sy\/tr\/index.php?rest_route=\/wp\/v2\/posts"}],"about":[{"href":"https:\/\/archive.sana.sy\/tr\/index.php?rest_route=\/wp\/v2\/types\/post"}],"author":[{"embeddable":true,"href":"https:\/\/archive.sana.sy\/tr\/index.php?rest_route=\/wp\/v2\/users\/41"}],"replies":[{"embeddable":true,"href":"https:\/\/archive.sana.sy\/tr\/index.php?rest_route=%2Fwp%2Fv2%2Fcomments&post=326473"}],"version-history":[{"count":1,"href":"https:\/\/archive.sana.sy\/tr\/index.php?rest_route=\/wp\/v2\/posts\/326473\/revisions"}],"predecessor-version":[{"id":326475,"href":"https:\/\/archive.sana.sy\/tr\/index.php?rest_route=\/wp\/v2\/posts\/326473\/revisions\/326475"}],"wp:featuredmedia":[{"embeddable":true,"href":"https:\/\/archive.sana.sy\/tr\/index.php?rest_route=\/wp\/v2\/media\/326474"}],"wp:attachment":[{"href":"https:\/\/archive.sana.sy\/tr\/index.php?rest_route=%2Fwp%2Fv2%2Fmedia&parent=326473"}],"wp:term":[{"taxonomy":"category","embeddable":true,"href":"https:\/\/archive.sana.sy\/tr\/index.php?rest_route=%2Fwp%2Fv2%2Fcategories&post=326473"},{"taxonomy":"post_tag","embeddable":true,"href":"https:\/\/archive.sana.sy\/tr\/index.php?rest_route=%2Fwp%2Fv2%2Ftags&post=326473"}],"curies":[{"name":"wp","href":"https:\/\/api.w.org\/{rel}","templated":true}]}}