{"id":326476,"date":"2025-07-25T18:52:35","date_gmt":"2025-07-25T15:52:35","guid":{"rendered":"https:\/\/sana.sy\/tr\/?p=326476"},"modified":"2025-07-25T18:52:35","modified_gmt":"2025-07-25T15:52:35","slug":"suudi-arabistan-yatirim-bakani-sam-ulusal-muzesini-ziyaret-etti","status":"publish","type":"post","link":"https:\/\/archive.sana.sy\/tr\/?p=326476","title":{"rendered":"Suudi Arabistan Yat\u0131r\u0131m Bakan\u0131, \u015eam Ulusal M\u00fczesi&#8217;ni Ziyaret Etti"},"content":{"rendered":"<p style=\"text-align: justify;\"><span style=\"color: #ff0000;\"><strong>\u015eAM (SANA) &#8211;<\/strong><\/span> Suudi Arabistan Yat\u0131r\u0131m Bakan\u0131 Halid bin Abd\u00fclaziz El Falih ve beraberindeki heyet, Suriye K\u00fclt\u00fcr Bakan\u0131 Muhammed Yasin Salih ve Vak\u0131flar Bakan\u0131 Muhammed Ebu El Hayr \u015eukri e\u015fli\u011finde \u015eam Ulusal M\u00fczesi\u2019ni ziyaret etti. <img loading=\"lazy\" decoding=\"async\" class=\" wp-image-326478 alignright\" src=\"http:\/\/sana.sy\/tr\/wp-content\/uploads\/2025\/07\/7878787878-300x204-1.jpg\" alt=\"\" width=\"257\" height=\"175\" srcset=\"https:\/\/archive.sana.sy\/tr\/wp-content\/uploads\/2025\/07\/7878787878-300x204-1.jpg 300w, https:\/\/archive.sana.sy\/tr\/wp-content\/uploads\/2025\/07\/7878787878-300x204-1-110x75.jpg 110w\" sizes=\"auto, (max-width: 257px) 100vw, 257px\" \/><\/p>\n<p style=\"text-align: justify;\">Suudi heyet, m\u00fczenin bar\u0131nd\u0131rd\u0131\u011f\u0131 arkeolojik ve tarihi eserleri inceledi. Bu eserler, Suriye&#8217;nin tarih \u00f6ncesi d\u00f6nemlerden ba\u015flayarak antik Suriye medeniyetleri, Yunan ve Roma d\u00f6nemleri ile \u0130slam\u00ee d\u00f6nem ve modern sanat dahil olmak \u00fczere, zengin ve \u00e7ok katmanl\u0131 k\u00fclt\u00fcrel miras\u0131n\u0131 yans\u0131tmaktad\u0131r.<\/p>\n<p style=\"text-align: justify;\">Bu ziyaret, Suriye ile Suudi Arabistan aras\u0131nda k\u00fclt\u00fcrel ili\u015fkilerin g\u00fc\u00e7lendirilmesine verilen \u00f6nemi ortaya koymakta; i\u015f birli\u011finin geli\u015ftirilmesi ve k\u00fclt\u00fcrel alana yap\u0131lacak yat\u0131r\u0131mlar yoluyla iyile\u015fmenin desteklenmesi ve halklar aras\u0131nda yak\u0131nla\u015fma sa\u011flanmas\u0131 hedeflenmektedir.<\/p>\n<p style=\"text-align: justify;\">Suudi Yat\u0131r\u0131m Bakan\u0131, 23 Temmuz \u00c7ar\u015famba g\u00fcn\u00fc beraberinde 130&#8217;dan fazla i\u015f insan\u0131 ve yat\u0131r\u0131mc\u0131dan olu\u015fan bir heyetle birlikte \u015eam\u2019a ula\u015ft\u0131. Heyet, 24 Temmuz Per\u015fembe g\u00fcn\u00fc ger\u00e7ekle\u015ftirilen Suriye-Suudi Arabistan Yat\u0131r\u0131m Forumu\u2019na kat\u0131ld\u0131. Forum kapsam\u0131nda \u00e7e\u015fitli alanlarda 47 anla\u015fma ve mutabakat zapt\u0131 imzaland\u0131.<\/p>\n","protected":false},"excerpt":{"rendered":"<p>\u015eAM (SANA) &#8211; Suudi Arabistan Yat\u0131r\u0131m Bakan\u0131 Halid bin Abd\u00fclaziz El Falih ve beraberindeki heyet, Suriye K\u00fclt\u00fcr Bakan\u0131 Muhammed Yasin Salih ve Vak\u0131flar Bakan\u0131 Muhammed Ebu El Hayr \u015eukri e\u015fli\u011finde \u015eam Ulusal M\u00fczesi\u2019ni ziyaret etti. Suudi heyet, m\u00fczenin bar\u0131nd\u0131rd\u0131\u011f\u0131 arkeolojik ve tarihi eserleri inceledi. Bu eserler, Suriye&#8217;nin tarih \u00f6ncesi d\u00f6nemlerden ba\u015flayarak antik Suriye medeniyetleri, Yunan &hellip;<\/p>\n","protected":false},"author":41,"featured_media":326477,"comment_status":"closed","ping_status":"closed","sticky":false,"template":"","format":"standard","meta":{"footnotes":""},"categories":[589,17988,478],"tags":[],"class_list":["post-326476","post","type-post","status-publish","format-standard","has-post-thumbnail","","category-haber-seridi","category-son-haberler","category-yerel"],"_links":{"self":[{"href":"https:\/\/archive.sana.sy\/tr\/index.php?rest_route=\/wp\/v2\/posts\/326476","targetHints":{"allow":["GET"]}}],"collection":[{"href":"https:\/\/archive.sana.sy\/tr\/index.php?rest_route=\/wp\/v2\/posts"}],"about":[{"href":"https:\/\/archive.sana.sy\/tr\/index.php?rest_route=\/wp\/v2\/types\/post"}],"author":[{"embeddable":true,"href":"https:\/\/archive.sana.sy\/tr\/index.php?rest_route=\/wp\/v2\/users\/41"}],"replies":[{"embeddable":true,"href":"https:\/\/archive.sana.sy\/tr\/index.php?rest_route=%2Fwp%2Fv2%2Fcomments&post=326476"}],"version-history":[{"count":1,"href":"https:\/\/archive.sana.sy\/tr\/index.php?rest_route=\/wp\/v2\/posts\/326476\/revisions"}],"predecessor-version":[{"id":326479,"href":"https:\/\/archive.sana.sy\/tr\/index.php?rest_route=\/wp\/v2\/posts\/326476\/revisions\/326479"}],"wp:featuredmedia":[{"embeddable":true,"href":"https:\/\/archive.sana.sy\/tr\/index.php?rest_route=\/wp\/v2\/media\/326477"}],"wp:attachment":[{"href":"https:\/\/archive.sana.sy\/tr\/index.php?rest_route=%2Fwp%2Fv2%2Fmedia&parent=326476"}],"wp:term":[{"taxonomy":"category","embeddable":true,"href":"https:\/\/archive.sana.sy\/tr\/index.php?rest_route=%2Fwp%2Fv2%2Fcategories&post=326476"},{"taxonomy":"post_tag","embeddable":true,"href":"https:\/\/archive.sana.sy\/tr\/index.php?rest_route=%2Fwp%2Fv2%2Ftags&post=326476"}],"curies":[{"name":"wp","href":"https:\/\/api.w.org\/{rel}","templated":true}]}}