{"id":326480,"date":"2025-07-25T23:01:46","date_gmt":"2025-07-25T20:01:46","guid":{"rendered":"https:\/\/sana.sy\/tr\/?p=326480"},"modified":"2025-07-25T23:01:46","modified_gmt":"2025-07-25T20:01:46","slug":"patrik-efram-ii-samda-halk-meclisi-secimleri-komitesi-heyeti-ile-gorustu","status":"publish","type":"post","link":"https:\/\/archive.sana.sy\/tr\/?p=326480","title":{"rendered":"Patrik Efram II, \u015eam\u2019da Halk Meclisi Se\u00e7imleri Komitesi Heyeti \u0130le G\u00f6r\u00fc\u015ft\u00fc"},"content":{"rendered":"<p style=\"text-align: justify;\"><span style=\"color: #ff0000;\"><strong>\u015eAM (SANA) &#8211;<\/strong><\/span> Antakya ve T\u00fcm Do\u011fu\u2019nun Patrik\u2019i, S\u00fcryani Ortodoks Kilisesi\u2019nin D\u00fcnya\u2019daki Y\u00fcksek Ba\u015fkan\u0131 Patrik Mar Ignatius Efram II, bug\u00fcn \u015eam\u2019da Halk Meclisi Se\u00e7imleri Y\u00fcksek Komitesi \u00fcyeleri ile bir araya gelerek se\u00e7im s\u00fcreci ve gelecek meclisin olu\u015fum mekanizmas\u0131 hakk\u0131nda g\u00f6r\u00fc\u015f al\u0131\u015fveri\u015finde bulundu. G\u00f6r\u00fc\u015fme, \u015eam\u2019daki S\u00fcryani Ortodoks Patriklik Katedrali Mar Girgis\u2019te ger\u00e7ekle\u015fti. <img loading=\"lazy\" decoding=\"async\" class=\"size-medium wp-image-326483 alignright\" src=\"http:\/\/sana.sy\/tr\/wp-content\/uploads\/2025\/07\/2N4A3120-768x512-1-300x200.jpg\" alt=\"\" width=\"300\" height=\"200\" srcset=\"https:\/\/archive.sana.sy\/tr\/wp-content\/uploads\/2025\/07\/2N4A3120-768x512-1-300x200.jpg 300w, https:\/\/archive.sana.sy\/tr\/wp-content\/uploads\/2025\/07\/2N4A3120-768x512-1.jpg 768w\" sizes=\"auto, (max-width: 300px) 100vw, 300px\" \/><\/p>\n<p style=\"text-align: justify;\">Patrik Efram II, SANA\u2019ya yapt\u0131\u011f\u0131 a\u00e7\u0131klamada, komitenin bu kritik ge\u00e7i\u015f d\u00f6neminde halk taraf\u0131ndan kapsaml\u0131 se\u00e7imlerin yap\u0131lmas\u0131na y\u00f6nelik eksik altyap\u0131lara ra\u011fmen se\u00e7im s\u00fcrecinin ba\u015far\u0131l\u0131 olmas\u0131 i\u00e7in g\u00f6r\u00fc\u015flerini sundu\u011funu belirtti. Ayr\u0131ca, komite \u00fcyelerinin ziyareti vesilesiyle fikir al\u0131\u015fveri\u015fi ve sorular\u0131n g\u00fcndeme gelmesinin \u00f6nemli bir f\u0131rsat oldu\u011funu vurgulad\u0131.<\/p>\n<p style=\"text-align: justify;\">Patrik Efram II, meclis \u00fcyelerinin dini, mezhepsel veya etnik aidiyet g\u00f6zetmeksizin, \u00fclkeye hizmet etme kapasitesine ve deneyimine sahip ki\u015filer aras\u0131ndan se\u00e7ilmesi temennisinde bulundu. Bu se\u00e7imin Suriye\u2019nin gelece\u011fi i\u00e7in \u00f6nemini vurgulayarak, kilisenin bu ulusal s\u00fcrece destek vermeye haz\u0131r oldu\u011funu ifade etti.<\/p>\n<p style=\"text-align: justify;\"><span style=\"color: #0000ff;\"><strong>Vatanda\u015f\u0131n Sesi Yasama S\u00fcrecinin \u00d6z\u00fc<\/strong><\/span><\/p>\n<p style=\"text-align: justify;\">Komitenin Halkla \u0130li\u015fkiler Sorumlusu Hasan El Da\u011fim ise yapt\u0131\u011f\u0131 a\u00e7\u0131klamada, Halk Meclisi\u2019nde \u00e7e\u015fitli halk, sosyal ve kurumsal heyetlerle yap\u0131lan kapsaml\u0131 g\u00f6r\u00fc\u015fmelerin ard\u0131ndan, ulusal ve dini liderlerle daha geni\u015f g\u00f6r\u00fc\u015fmeler yap\u0131lmas\u0131n\u0131n gereklili\u011fi ortaya \u00e7\u0131kt\u0131\u011f\u0131n\u0131 belirtti. Bu liderlerin g\u00fcven tesisinde ve kat\u0131l\u0131m de\u011ferlerinin peki\u015ftirilmesinde \u00f6nemli rol oynad\u0131\u011f\u0131n\u0131 s\u00f6yledi.<\/p>\n<p style=\"text-align: justify;\">El Da\u011fim, bu g\u00f6r\u00fc\u015fmelerin se\u00e7im s\u00fcrecinin detaylar\u0131 ve zaman plan\u0131 hakk\u0131nda bilgilendirme ile toplumsal liderlerin g\u00f6r\u00fc\u015flerinden faydalanmay\u0131 ama\u00e7lad\u0131\u011f\u0131n\u0131, b\u00f6ylece gelecek Halk Meclisi\u2019nin me\u015fruiyet ve temsiliyetinin art\u0131r\u0131laca\u011f\u0131n\u0131, vatanda\u015f\u0131n sesinin yasama s\u00fcrecinin \u00f6z\u00fcn\u00fc olu\u015fturdu\u011funu ifade etti.<\/p>\n<p style=\"text-align: justify;\">Komitenin d\u00fcn Cumhuriyet Ba\u015fm\u00fcft\u00fcs\u00fc\u2019n\u00fc ziyaret etti\u011fini ve bug\u00fcn ise ulusal ileti\u015fim \u00e7er\u00e7evesinde \u00e7e\u015fitli Hristiyan dini liderlerle g\u00f6r\u00fc\u015fmelerine devam etti\u011fini belirtti. Halk Meclisi\u2019nin t\u00fcm Suriyelilerin platformu oldu\u011funu peki\u015ftirme amac\u0131nda olduklar\u0131n\u0131 vurgulad\u0131.<\/p>\n<p style=\"text-align: justify;\">El Da\u011fim, komitenin her ziyaretinin toplumun nabz\u0131n\u0131 daha iyi anlamay\u0131 ve ulusal dokunun birli\u011fini g\u00fc\u00e7lendirmeyi sa\u011flad\u0131\u011f\u0131n\u0131, b\u00f6ylece gelecek meclisin Suriyelilerin ger\u00e7ek iradesini yans\u0131taca\u011f\u0131n\u0131 ve t\u00fcm bile\u015fenlerin aktif kat\u0131l\u0131m\u0131na dayanaca\u011f\u0131n\u0131 kaydetti.<\/p>\n<p style=\"text-align: justify;\">Cumhurba\u015fkan\u0131 Say\u0131n Ahmed El \u015eara, 13 Haziran\u2019da Halk Meclisi Se\u00e7imleri Y\u00fcksek Komitesi\u2019nin kurulmas\u0131na ili\u015fkin bir kararname yay\u0131mlam\u0131\u015ft\u0131. Bu komitenin amac\u0131, se\u00e7ici alt birimleri olu\u015fturmak ve bu birimlerin Halk Meclisi \u00fcyelerinin \u00fc\u00e7te ikisini se\u00e7mesini denetlemektir.<\/p>\n<div id='gallery-1' class='gallery galleryid-326480 gallery-columns-1 gallery-size-full'><figure class='gallery-item'>\n\t\t\t<div class='gallery-icon landscape'>\n\t\t\t\t<a href='https:\/\/archive.sana.sy\/tr\/?attachment_id=326485'><img loading=\"lazy\" decoding=\"async\" width=\"1536\" height=\"1033\" src=\"https:\/\/archive.sana.sy\/tr\/wp-content\/uploads\/2025\/07\/2N4A3130-1536x1033-2.jpg\" class=\"attachment-full size-full\" alt=\"\" srcset=\"https:\/\/archive.sana.sy\/tr\/wp-content\/uploads\/2025\/07\/2N4A3130-1536x1033-2.jpg 1536w, https:\/\/archive.sana.sy\/tr\/wp-content\/uploads\/2025\/07\/2N4A3130-1536x1033-2-300x202.jpg 300w, https:\/\/archive.sana.sy\/tr\/wp-content\/uploads\/2025\/07\/2N4A3130-1536x1033-2-1024x689.jpg 1024w, https:\/\/archive.sana.sy\/tr\/wp-content\/uploads\/2025\/07\/2N4A3130-1536x1033-2-768x517.jpg 768w, https:\/\/archive.sana.sy\/tr\/wp-content\/uploads\/2025\/07\/2N4A3130-1536x1033-2-110x75.jpg 110w\" sizes=\"auto, (max-width: 1536px) 100vw, 1536px\" \/><\/a>\n\t\t\t<\/div><\/figure><figure class='gallery-item'>\n\t\t\t<div class='gallery-icon landscape'>\n\t\t\t\t<a href='https:\/\/archive.sana.sy\/tr\/?attachment_id=326484'><img loading=\"lazy\" decoding=\"async\" width=\"1536\" height=\"845\" src=\"https:\/\/archive.sana.sy\/tr\/wp-content\/uploads\/2025\/07\/2N4A3124-1536x845-1.jpg\" class=\"attachment-full size-full\" alt=\"\" srcset=\"https:\/\/archive.sana.sy\/tr\/wp-content\/uploads\/2025\/07\/2N4A3124-1536x845-1.jpg 1536w, https:\/\/archive.sana.sy\/tr\/wp-content\/uploads\/2025\/07\/2N4A3124-1536x845-1-300x165.jpg 300w, https:\/\/archive.sana.sy\/tr\/wp-content\/uploads\/2025\/07\/2N4A3124-1536x845-1-1024x563.jpg 1024w, https:\/\/archive.sana.sy\/tr\/wp-content\/uploads\/2025\/07\/2N4A3124-1536x845-1-768x423.jpg 768w\" sizes=\"auto, (max-width: 1536px) 100vw, 1536px\" \/><\/a>\n\t\t\t<\/div><\/figure><figure class='gallery-item'>\n\t\t\t<div class='gallery-icon landscape'>\n\t\t\t\t<a href='https:\/\/archive.sana.sy\/tr\/?attachment_id=326486'><img loading=\"lazy\" decoding=\"async\" width=\"660\" height=\"330\" src=\"https:\/\/archive.sana.sy\/tr\/wp-content\/uploads\/2025\/07\/2N4A32066666666666666-660x330-2.png\" class=\"attachment-full size-full\" alt=\"\" srcset=\"https:\/\/archive.sana.sy\/tr\/wp-content\/uploads\/2025\/07\/2N4A32066666666666666-660x330-2.png 660w, https:\/\/archive.sana.sy\/tr\/wp-content\/uploads\/2025\/07\/2N4A32066666666666666-660x330-2-300x150.png 300w\" sizes=\"auto, (max-width: 660px) 100vw, 660px\" \/><\/a>\n\t\t\t<\/div><\/figure>\n\t\t<\/div>\n\n","protected":false},"excerpt":{"rendered":"<p>\u015eAM (SANA) &#8211; Antakya ve T\u00fcm Do\u011fu\u2019nun Patrik\u2019i, S\u00fcryani Ortodoks Kilisesi\u2019nin D\u00fcnya\u2019daki Y\u00fcksek Ba\u015fkan\u0131 Patrik Mar Ignatius Efram II, bug\u00fcn \u015eam\u2019da Halk Meclisi Se\u00e7imleri Y\u00fcksek Komitesi \u00fcyeleri ile bir araya gelerek se\u00e7im s\u00fcreci ve gelecek meclisin olu\u015fum mekanizmas\u0131 hakk\u0131nda g\u00f6r\u00fc\u015f al\u0131\u015fveri\u015finde bulundu. G\u00f6r\u00fc\u015fme, \u015eam\u2019daki S\u00fcryani Ortodoks Patriklik Katedrali Mar Girgis\u2019te ger\u00e7ekle\u015fti. Patrik Efram II, SANA\u2019ya &hellip;<\/p>\n","protected":false},"author":41,"featured_media":326482,"comment_status":"closed","ping_status":"closed","sticky":false,"template":"","format":"standard","meta":{"footnotes":""},"categories":[589,479,17988,478],"tags":[],"class_list":["post-326480","post","type-post","status-publish","format-standard","has-post-thumbnail","","category-haber-seridi","category-haberler-yerel","category-son-haberler","category-yerel"],"_links":{"self":[{"href":"https:\/\/archive.sana.sy\/tr\/index.php?rest_route=\/wp\/v2\/posts\/326480","targetHints":{"allow":["GET"]}}],"collection":[{"href":"https:\/\/archive.sana.sy\/tr\/index.php?rest_route=\/wp\/v2\/posts"}],"about":[{"href":"https:\/\/archive.sana.sy\/tr\/index.php?rest_route=\/wp\/v2\/types\/post"}],"author":[{"embeddable":true,"href":"https:\/\/archive.sana.sy\/tr\/index.php?rest_route=\/wp\/v2\/users\/41"}],"replies":[{"embeddable":true,"href":"https:\/\/archive.sana.sy\/tr\/index.php?rest_route=%2Fwp%2Fv2%2Fcomments&post=326480"}],"version-history":[{"count":1,"href":"https:\/\/archive.sana.sy\/tr\/index.php?rest_route=\/wp\/v2\/posts\/326480\/revisions"}],"predecessor-version":[{"id":326487,"href":"https:\/\/archive.sana.sy\/tr\/index.php?rest_route=\/wp\/v2\/posts\/326480\/revisions\/326487"}],"wp:featuredmedia":[{"embeddable":true,"href":"https:\/\/archive.sana.sy\/tr\/index.php?rest_route=\/wp\/v2\/media\/326482"}],"wp:attachment":[{"href":"https:\/\/archive.sana.sy\/tr\/index.php?rest_route=%2Fwp%2Fv2%2Fmedia&parent=326480"}],"wp:term":[{"taxonomy":"category","embeddable":true,"href":"https:\/\/archive.sana.sy\/tr\/index.php?rest_route=%2Fwp%2Fv2%2Fcategories&post=326480"},{"taxonomy":"post_tag","embeddable":true,"href":"https:\/\/archive.sana.sy\/tr\/index.php?rest_route=%2Fwp%2Fv2%2Ftags&post=326480"}],"curies":[{"name":"wp","href":"https:\/\/api.w.org\/{rel}","templated":true}]}}