{"id":326489,"date":"2025-07-26T09:00:00","date_gmt":"2025-07-26T06:00:00","guid":{"rendered":"https:\/\/sana.sy\/tr\/?p=326489"},"modified":"2025-07-26T10:03:44","modified_gmt":"2025-07-26T07:03:44","slug":"suriye-savunma-bakanligi-heyeti-idef-2025-fuari-kapsaminda-turk-kara-kuvvetleri-komutani-ile-gorustu","status":"publish","type":"post","link":"https:\/\/archive.sana.sy\/tr\/?p=326489","title":{"rendered":"Suriye Savunma Bakanl\u0131\u011f\u0131 Heyeti, IDEF 2025 Fuar\u0131 Kapsam\u0131nda T\u00fcrk Kara Kuvvetleri Komutan\u0131 ile G\u00f6r\u00fc\u015ft\u00fc"},"content":{"rendered":"<p style=\"text-align: justify;\"><span style=\"color: #ff0000;\"><strong>ANKARA (SANA) &#8211;<\/strong><\/span>Suriye Savunma Bakanl\u0131\u011f\u0131 heyeti, T\u00fcrkiye\u2019de d\u00fczenlenen \u201c2025 IDEF\u201d Savunma Sanayii Fuar\u0131 kapsam\u0131nda T\u00fcrk Kara Kuvvetleri Komutan\u0131 Orgeneral Sel\u00e7uk Bayraktaro\u011flu ve Birinci Ordu Komutan\u0131 Orgeneral Metin Tokel ile bir araya geldi.<\/p>\n<p style=\"text-align: justify;\">Ger\u00e7ekle\u015ftirilen g\u00f6r\u00fc\u015fmede, ortak konular ve ikili meseleler ele al\u0131nd\u0131<\/p>\n","protected":false},"excerpt":{"rendered":"<p>ANKARA (SANA) &#8211;Suriye Savunma Bakanl\u0131\u011f\u0131 heyeti, T\u00fcrkiye\u2019de d\u00fczenlenen \u201c2025 IDEF\u201d Savunma Sanayii Fuar\u0131 kapsam\u0131nda T\u00fcrk Kara Kuvvetleri Komutan\u0131 Orgeneral Sel\u00e7uk Bayraktaro\u011flu ve Birinci Ordu Komutan\u0131 Orgeneral Metin Tokel ile bir araya geldi. Ger\u00e7ekle\u015ftirilen g\u00f6r\u00fc\u015fmede, ortak konular ve ikili meseleler ele al\u0131nd\u0131<\/p>\n","protected":false},"author":44,"featured_media":326490,"comment_status":"closed","ping_status":"closed","sticky":false,"template":"","format":"standard","meta":{"footnotes":""},"categories":[589,17988,2554,2555],"tags":[44111,44110],"class_list":["post-326489","post","type-post","status-publish","format-standard","has-post-thumbnail","","category-haber-seridi","category-son-haberler","category-suriye-ve-dunya","category-suriye-ve-turkiye","tag-idef-2025-fuari-kapsaminda-turk-kara-kuvvetleri-komutani-ile-gorustu","tag-suriye-savunma-bakanligi-heyeti"],"_links":{"self":[{"href":"https:\/\/archive.sana.sy\/tr\/index.php?rest_route=\/wp\/v2\/posts\/326489","targetHints":{"allow":["GET"]}}],"collection":[{"href":"https:\/\/archive.sana.sy\/tr\/index.php?rest_route=\/wp\/v2\/posts"}],"about":[{"href":"https:\/\/archive.sana.sy\/tr\/index.php?rest_route=\/wp\/v2\/types\/post"}],"author":[{"embeddable":true,"href":"https:\/\/archive.sana.sy\/tr\/index.php?rest_route=\/wp\/v2\/users\/44"}],"replies":[{"embeddable":true,"href":"https:\/\/archive.sana.sy\/tr\/index.php?rest_route=%2Fwp%2Fv2%2Fcomments&post=326489"}],"version-history":[{"count":1,"href":"https:\/\/archive.sana.sy\/tr\/index.php?rest_route=\/wp\/v2\/posts\/326489\/revisions"}],"predecessor-version":[{"id":326491,"href":"https:\/\/archive.sana.sy\/tr\/index.php?rest_route=\/wp\/v2\/posts\/326489\/revisions\/326491"}],"wp:featuredmedia":[{"embeddable":true,"href":"https:\/\/archive.sana.sy\/tr\/index.php?rest_route=\/wp\/v2\/media\/326490"}],"wp:attachment":[{"href":"https:\/\/archive.sana.sy\/tr\/index.php?rest_route=%2Fwp%2Fv2%2Fmedia&parent=326489"}],"wp:term":[{"taxonomy":"category","embeddable":true,"href":"https:\/\/archive.sana.sy\/tr\/index.php?rest_route=%2Fwp%2Fv2%2Fcategories&post=326489"},{"taxonomy":"post_tag","embeddable":true,"href":"https:\/\/archive.sana.sy\/tr\/index.php?rest_route=%2Fwp%2Fv2%2Ftags&post=326489"}],"curies":[{"name":"wp","href":"https:\/\/api.w.org\/{rel}","templated":true}]}}