{"id":326492,"date":"2025-07-26T10:18:07","date_gmt":"2025-07-26T07:18:07","guid":{"rendered":"https:\/\/sana.sy\/tr\/?p=326492"},"modified":"2025-07-26T10:18:07","modified_gmt":"2025-07-26T07:18:07","slug":"isvicre-disisleri-bakanligi-suriye-kiyilarindaki-olaylara-iliskin-ulusal-arastirma-ve-sorusturma-komitesinin-calismalarini-memnuniyetle-karsiladi","status":"publish","type":"post","link":"https:\/\/archive.sana.sy\/tr\/?p=326492","title":{"rendered":"\u0130svi\u00e7re D\u0131\u015fi\u015fleri Bakanl\u0131\u011f\u0131, Suriye K\u0131y\u0131lar\u0131ndaki Olaylara \u0130li\u015fkin Ulusal Ara\u015ft\u0131rma Ve Soru\u015fturma Komitesi&#8217;nin \u00c7al\u0131\u015fmalar\u0131n\u0131 Memnuniyetle Kar\u015f\u0131lad\u0131"},"content":{"rendered":"<p style=\"text-align: justify;\"><span style=\"color: #ff0000;\"><strong>BERN (SANA) &#8211;<\/strong><\/span> \u0130svi\u00e7re D\u0131\u015fi\u015fleri Bakanl\u0131\u011f\u0131na ba\u011fl\u0131 Bar\u0131\u015f ve \u0130nsan Haklar\u0131 Dairesi, X platformundaki resmi hesab\u0131ndan yapt\u0131\u011f\u0131 a\u00e7\u0131klamada, \u201cMart ay\u0131nda Suriye sahilinde ya\u015fanan olaylara ili\u015fkin ba\u011f\u0131ms\u0131z ger\u00e7ekleri ara\u015ft\u0131rma komitesinin \u00e7al\u0131\u015fmalar\u0131n\u0131 memnuniyetle kar\u015f\u0131l\u0131yoruz\u201d ifadelerine yer verdi.<\/p>\n<p style=\"text-align: justify;\">A\u00e7\u0131klamada ayr\u0131ca, \u201cSu\u00e7lular\u0131n adalet \u00f6n\u00fcne \u00e7\u0131kar\u0131lmas\u0131 ve hesap verebilirli\u011fin sa\u011flanmas\u0131, Suriye&#8217;de kal\u0131c\u0131 bar\u0131\u015f\u0131n tesisi i\u00e7in temel bir gerekliliktir\u201d denildi.<\/p>\n<p style=\"text-align: justify;\">Ulusal Soru\u015fturma ve Ger\u00e7ekleri Ara\u015ft\u0131rma Komitesi ise ge\u00e7ti\u011fimiz Sal\u0131 g\u00fcn\u00fc yapt\u0131\u011f\u0131 a\u00e7\u0131klamada, \u00e7al\u0131\u015fmalar\u0131n\u0131n yaln\u0131zca adaletin sa\u011flanmas\u0131, faillerin cezaland\u0131r\u0131lmas\u0131, ma\u011fdurlar\u0131n haklar\u0131n\u0131n teslim edilmesi ve ger\u00e7e\u011fin ortaya \u00e7\u0131kar\u0131lmas\u0131 yolunda bir ba\u015flang\u0131\u00e7 oldu\u011funu vurgulad\u0131. Komite ayr\u0131ca, \u00fclkede istikrar\u0131n ve toplumsal bar\u0131\u015f\u0131n g\u00fc\u00e7lendirilmesi a\u00e7\u0131s\u0131ndan bu s\u00fcrecin \u00f6nemine dikkat \u00e7ekti.<\/p>\n<p style=\"text-align: justify;\">Komite, h\u00fck\u00fcmetin, ihlallerde rol oynam\u0131\u015f olabilecek ki\u015filerin kimli\u011finin belirlenmesi amac\u0131yla t\u00fcm taleplerine olumlu yan\u0131t verdi\u011fini belirtti.<\/p>\n<p style=\"text-align: justify;\">\n","protected":false},"excerpt":{"rendered":"<p>BERN (SANA) &#8211; \u0130svi\u00e7re D\u0131\u015fi\u015fleri Bakanl\u0131\u011f\u0131na ba\u011fl\u0131 Bar\u0131\u015f ve \u0130nsan Haklar\u0131 Dairesi, X platformundaki resmi hesab\u0131ndan yapt\u0131\u011f\u0131 a\u00e7\u0131klamada, \u201cMart ay\u0131nda Suriye sahilinde ya\u015fanan olaylara ili\u015fkin ba\u011f\u0131ms\u0131z ger\u00e7ekleri ara\u015ft\u0131rma komitesinin \u00e7al\u0131\u015fmalar\u0131n\u0131 memnuniyetle kar\u015f\u0131l\u0131yoruz\u201d ifadelerine yer verdi. A\u00e7\u0131klamada ayr\u0131ca, \u201cSu\u00e7lular\u0131n adalet \u00f6n\u00fcne \u00e7\u0131kar\u0131lmas\u0131 ve hesap verebilirli\u011fin sa\u011flanmas\u0131, Suriye&#8217;de kal\u0131c\u0131 bar\u0131\u015f\u0131n tesisi i\u00e7in temel bir gerekliliktir\u201d denildi. Ulusal &hellip;<\/p>\n","protected":false},"author":44,"featured_media":326493,"comment_status":"closed","ping_status":"closed","sticky":false,"template":"","format":"standard","meta":{"footnotes":""},"categories":[458,589,459,17988],"tags":[44112,44113],"class_list":["post-326492","post","type-post","status-publish","format-standard","has-post-thumbnail","","category-dunya1","category-haber-seridi","category-haberler-arap-uluslararasi-politika","category-son-haberler","tag-isvicre-disisleri-bakanligi","tag-suriye-kiyilarindaki-olaylara-iliskin-ulusal-arastirma-ve-sorusturma-komitesinin-calismalarini-memnuniyetle-karsiladi"],"_links":{"self":[{"href":"https:\/\/archive.sana.sy\/tr\/index.php?rest_route=\/wp\/v2\/posts\/326492","targetHints":{"allow":["GET"]}}],"collection":[{"href":"https:\/\/archive.sana.sy\/tr\/index.php?rest_route=\/wp\/v2\/posts"}],"about":[{"href":"https:\/\/archive.sana.sy\/tr\/index.php?rest_route=\/wp\/v2\/types\/post"}],"author":[{"embeddable":true,"href":"https:\/\/archive.sana.sy\/tr\/index.php?rest_route=\/wp\/v2\/users\/44"}],"replies":[{"embeddable":true,"href":"https:\/\/archive.sana.sy\/tr\/index.php?rest_route=%2Fwp%2Fv2%2Fcomments&post=326492"}],"version-history":[{"count":1,"href":"https:\/\/archive.sana.sy\/tr\/index.php?rest_route=\/wp\/v2\/posts\/326492\/revisions"}],"predecessor-version":[{"id":326494,"href":"https:\/\/archive.sana.sy\/tr\/index.php?rest_route=\/wp\/v2\/posts\/326492\/revisions\/326494"}],"wp:featuredmedia":[{"embeddable":true,"href":"https:\/\/archive.sana.sy\/tr\/index.php?rest_route=\/wp\/v2\/media\/326493"}],"wp:attachment":[{"href":"https:\/\/archive.sana.sy\/tr\/index.php?rest_route=%2Fwp%2Fv2%2Fmedia&parent=326492"}],"wp:term":[{"taxonomy":"category","embeddable":true,"href":"https:\/\/archive.sana.sy\/tr\/index.php?rest_route=%2Fwp%2Fv2%2Fcategories&post=326492"},{"taxonomy":"post_tag","embeddable":true,"href":"https:\/\/archive.sana.sy\/tr\/index.php?rest_route=%2Fwp%2Fv2%2Ftags&post=326492"}],"curies":[{"name":"wp","href":"https:\/\/api.w.org\/{rel}","templated":true}]}}