{"id":326495,"date":"2025-07-26T13:15:52","date_gmt":"2025-07-26T10:15:52","guid":{"rendered":"https:\/\/sana.sy\/tr\/?p=326495"},"modified":"2025-07-26T13:15:52","modified_gmt":"2025-07-26T10:15:52","slug":"suriye-sivil-savunmasi-suveydadan-cikmak-isteyen-sivillerin-besinci-konvoyunu-tasidi","status":"publish","type":"post","link":"https:\/\/archive.sana.sy\/tr\/?p=326495","title":{"rendered":"Suriye Sivil Savunmas\u0131, S\u00fcveyda&#8217;dan \u00c7\u0131kmak \u0130steyen Sivillerin Be\u015finci Konvoyunu Ta\u015f\u0131d\u0131"},"content":{"rendered":"<p style=\"text-align: justify;\"><span style=\"color: #800000;\"><strong>\u015eAM (SANA) &#8211;<\/strong> <\/span>Suriye Sivil Savunmas\u0131, S\u00fcveyda ilinden ayr\u0131lmak isteyen sivillerin be\u015finci konvoyunun, d\u00fcn ak\u015fam Busra El \u015eam ge\u00e7i\u015f noktas\u0131 \u00fczerinden tahliye edildi\u011fini duyurdu.<\/p>\n<p style=\"text-align: justify;\">Dera ilindeki Sivil Savunma M\u00fcd\u00fcr\u00fc \u015eadi El Hasan, SANA muhabirine yapt\u0131\u011f\u0131 a\u00e7\u0131klamada, konvoyda yakla\u015f\u0131k 300 ki\u015finin yan\u0131 s\u0131ra 20 yaral\u0131 ve 8 kurban\u0131n cenazesinin bulundu\u011funu belirtti. Hasan, konvoyun ba\u015ftan sona kadar refakat edilerek g\u00fcvenli bir \u015fekilde \u015eam kentine ula\u015ft\u0131r\u0131ld\u0131\u011f\u0131n\u0131 vurgulad\u0131.<\/p>\n<p style=\"text-align: justify;\">Hasan, bu m\u00fcdahalenin Acil Durumlar ve Afet Y\u00f6netimi Bakanl\u0131\u011f\u0131 ile Sivil Savunma te\u015fkilat\u0131n\u0131n sivillerin g\u00fcvenli\u011fini sa\u011flamak ve yaral\u0131lara ilk yard\u0131m ile bak\u0131m hizmeti sunmak amac\u0131yla y\u00fcr\u00fctt\u00fc\u011f\u00fc kesintisiz \u00e7abalar\u0131n bir par\u00e7as\u0131 oldu\u011funu ifade etti.<\/p>\n<p style=\"text-align: justify;\">Bakanl\u0131k, insani yard\u0131m \u00e7al\u0131\u015fmalar\u0131n\u0131n yo\u011fun \u015fekilde s\u00fcrd\u00fc\u011f\u00fcn\u00fc ve etkilenen b\u00f6lgelere temel hizmetlerin ula\u015ft\u0131r\u0131lmas\u0131n\u0131n garanti alt\u0131na al\u0131nmaya devam etti\u011fini teyit etti.<\/p>\n","protected":false},"excerpt":{"rendered":"<p>\u015eAM (SANA) &#8211; Suriye Sivil Savunmas\u0131, S\u00fcveyda ilinden ayr\u0131lmak isteyen sivillerin be\u015finci konvoyunun, d\u00fcn ak\u015fam Busra El \u015eam ge\u00e7i\u015f noktas\u0131 \u00fczerinden tahliye edildi\u011fini duyurdu. Dera ilindeki Sivil Savunma M\u00fcd\u00fcr\u00fc \u015eadi El Hasan, SANA muhabirine yapt\u0131\u011f\u0131 a\u00e7\u0131klamada, konvoyda yakla\u015f\u0131k 300 ki\u015finin yan\u0131 s\u0131ra 20 yaral\u0131 ve 8 kurban\u0131n cenazesinin bulundu\u011funu belirtti. Hasan, konvoyun ba\u015ftan sona kadar &hellip;<\/p>\n","protected":false},"author":44,"featured_media":326496,"comment_status":"closed","ping_status":"closed","sticky":false,"template":"","format":"standard","meta":{"footnotes":""},"categories":[589,479,17988,478],"tags":[43098,44114],"class_list":["post-326495","post","type-post","status-publish","format-standard","has-post-thumbnail","","category-haber-seridi","category-haberler-yerel","category-son-haberler","category-yerel","tag-suriye-sivil-savunmasi","tag-suveydadan-cikmak-isteyen-sivillerin-besinci-konvoyunu-tasidi"],"_links":{"self":[{"href":"https:\/\/archive.sana.sy\/tr\/index.php?rest_route=\/wp\/v2\/posts\/326495","targetHints":{"allow":["GET"]}}],"collection":[{"href":"https:\/\/archive.sana.sy\/tr\/index.php?rest_route=\/wp\/v2\/posts"}],"about":[{"href":"https:\/\/archive.sana.sy\/tr\/index.php?rest_route=\/wp\/v2\/types\/post"}],"author":[{"embeddable":true,"href":"https:\/\/archive.sana.sy\/tr\/index.php?rest_route=\/wp\/v2\/users\/44"}],"replies":[{"embeddable":true,"href":"https:\/\/archive.sana.sy\/tr\/index.php?rest_route=%2Fwp%2Fv2%2Fcomments&post=326495"}],"version-history":[{"count":1,"href":"https:\/\/archive.sana.sy\/tr\/index.php?rest_route=\/wp\/v2\/posts\/326495\/revisions"}],"predecessor-version":[{"id":326497,"href":"https:\/\/archive.sana.sy\/tr\/index.php?rest_route=\/wp\/v2\/posts\/326495\/revisions\/326497"}],"wp:featuredmedia":[{"embeddable":true,"href":"https:\/\/archive.sana.sy\/tr\/index.php?rest_route=\/wp\/v2\/media\/326496"}],"wp:attachment":[{"href":"https:\/\/archive.sana.sy\/tr\/index.php?rest_route=%2Fwp%2Fv2%2Fmedia&parent=326495"}],"wp:term":[{"taxonomy":"category","embeddable":true,"href":"https:\/\/archive.sana.sy\/tr\/index.php?rest_route=%2Fwp%2Fv2%2Fcategories&post=326495"},{"taxonomy":"post_tag","embeddable":true,"href":"https:\/\/archive.sana.sy\/tr\/index.php?rest_route=%2Fwp%2Fv2%2Ftags&post=326495"}],"curies":[{"name":"wp","href":"https:\/\/api.w.org\/{rel}","templated":true}]}}