{"id":326498,"date":"2025-07-26T14:11:06","date_gmt":"2025-07-26T11:11:06","guid":{"rendered":"https:\/\/sana.sy\/tr\/?p=326498"},"modified":"2025-07-26T18:00:40","modified_gmt":"2025-07-26T15:00:40","slug":"disisleri-bakani-suriyenin-birlik-ve-beraberligini-vurgulayarak-bolunme-tehlikesi-konusunda-uyardi","status":"publish","type":"post","link":"https:\/\/archive.sana.sy\/tr\/?p=326498","title":{"rendered":"D\u0131\u015fi\u015fleri Bakan\u0131, Suriye&#8217;nin Birlik Ve Beraberli\u011fini Vurgulayarak, B\u00f6l\u00fcnme Tehlikesi Konusunda Uyard\u0131"},"content":{"rendered":"<p style=\"text-align: justify;\"><span style=\"color: #ff0000;\"><strong>ANKARA (SANA) &#8211;<\/strong> <\/span>T\u00fcrkiye D\u0131\u015fi\u015fleri Bakan\u0131 Hakan Fidan, \u00fclkesinin Suriye&#8217;nin toprak b\u00fct\u00fcnl\u00fc\u011f\u00fcne ve istikrar\u0131na olan ba\u011fl\u0131l\u0131\u011f\u0131n\u0131 yineledi ve b\u00f6l\u00fcnme tehlikesi konusunda uyard\u0131.<\/p>\n<p style=\"text-align: justify;\">Anadolu Ajans\u0131&#8217;n\u0131n yay\u0131nlad\u0131\u011f\u0131 bir televizyon r\u00f6portaj\u0131nda Fidan, \u015funlar\u0131 s\u00f6yledi: &#8221;T\u00fcrkiye, S\u00fcveyda&#8217;daki olaylar\u0131 istismar etmek i\u00e7in Suriye genelindeki hareketleri izledi ve \u00fclkenin b\u00f6l\u00fcnmesine kar\u015f\u0131 uyard\u0131.&#8221;<\/p>\n<p style=\"text-align: justify;\">Fidan, &#8220;Suriye&#8217;nin birli\u011fini ve b\u00fct\u00fcnl\u00fc\u011f\u00fcn\u00fc istedi\u011fimiz i\u00e7in bu uyar\u0131y\u0131 yapmak zorundayd\u0131k&#8221; diyerek, &#8220;Suriye&#8217;nin b\u00f6l\u00fcnm\u00fc\u015fl\u00fc\u011f\u00fcnden, istikrars\u0131zl\u0131\u011f\u0131ndan, toparlanamamas\u0131nda \u00e7\u0131kar sa\u011flayacak taraflar\u0131n oldu\u011funa ve Suriye&#8217;nin umutsuzluk, hayal k\u0131r\u0131kl\u0131\u011f\u0131 ve olumsuzluk bata\u011f\u0131nda kalmas\u0131n\u0131 istediklerine her zaman inand\u0131k&#8221; ifadelerini kulland\u0131.<\/p>\n<p style=\"text-align: justify;\">Fidan ayr\u0131ca, &#8220;Yapt\u0131\u011f\u0131m\u0131z diplomatik m\u00fczakereler ve uluslararas\u0131 toplumun \u00e7abalar\u0131 sayesinde tablo bekledikleri gibi olmay\u0131nca bamba\u015fka bir senaryoya ba\u015fvurdular&#8221; diyerek, \u0130srail&#8217;in de b\u00f6yle bir hedefi oldu\u011funu belirtti.<\/p>\n<p style=\"text-align: justify;\">Bakan Fidan, T\u00fcrkiye ve di\u011fer \u00fclkelerin, Suriye merkezi h\u00fck\u00fcmetinin toplumun t\u00fcm kesimlerinin kimli\u011fine sayg\u0131 duymas\u0131 ve haklar\u0131n\u0131 korumas\u0131 gerekti\u011fini defalarca vurgulad\u0131\u011f\u0131n\u0131, hi\u00e7bir taraf\u0131n devletin yetkisi d\u0131\u015f\u0131nda silah ta\u015f\u0131mamas\u0131 gerekti\u011fini belirtti.<\/p>\n<p style=\"text-align: justify;\">Son g\u00fcnlerde Suriye\u2019nin g\u00fcneyindeki S\u00fcveyda ilinde ya\u015fanan \u00e7at\u0131\u015fmalara ili\u015fkin de\u011ferlendirmede bulunan Fidan, \u201cA\u00e7\u0131k\u00e7a ifade etmek gerekirse, \u0130srail\u2019in, bedevi a\u015firetlerle D\u00fcrz\u00eeler aras\u0131ndaki \u00e7at\u0131\u015fmalarda merkezi h\u00fck\u00fcmetin tarafs\u0131z m\u00fcdahalesini engelledi\u011fini g\u00f6r\u00fcyoruz. Stratejik itiraz\u0131m\u0131z da tam olarak buna y\u00f6nelikti\u201d dedi.<\/p>\n<p style=\"text-align: justify;\">Ge\u00e7ti\u011fimiz hafta \u00dcrd\u00fcn\u2019\u00fcn ba\u015fkenti Amman\u2019da taraflar\u0131n bir araya gelerek bir mutabakata vard\u0131\u011f\u0131n\u0131 a\u00e7\u0131klayan Fidan, buna ra\u011fmen yaln\u0131zca bir D\u00fcrz\u00ee grubunun anla\u015fmaya tamamen kar\u015f\u0131t bir dil kullanmaya ba\u015flad\u0131\u011f\u0131n\u0131, bu taraf\u0131n silahl\u0131 m\u00fccadele yoluyla belirli bir d\u00fczeyde ba\u011f\u0131ms\u0131zl\u0131k elde etmeyi hedefledi\u011fini belirtti.<\/p>\n<p style=\"text-align: justify;\">Cumhurba\u015fkan\u0131 Say\u0131n Ahmed El \u015eara\u2018n\u0131n beklentileri a\u015fan kapsaml\u0131 bir politika izledi\u011fini ve merkezi h\u00fck\u00fcmetin olas\u0131 toplumsal \u00e7at\u0131\u015fmalarda tarafs\u0131z kalmas\u0131, m\u00fcdahale etmesi ve su\u00e7lu taraflar\u0131 cezaland\u0131rmas\u0131 gerekti\u011fini vurgulad\u0131\u011f\u0131n\u0131 aktaran Fidan, \u015eara&#8217;n\u0131n bu konularda elindeki imk\u00e2nlarla aktif rol ald\u0131\u011f\u0131n\u0131 ifade etti.<\/p>\n<p style=\"text-align: justify;\">T\u00fcrk Bakan ayr\u0131ca, Suriye\u2019nin T\u00fcrkiye\u2019nin ulusal g\u00fcvenli\u011fi a\u00e7\u0131s\u0131ndan ta\u015f\u0131d\u0131\u011f\u0131 \u00f6neme dikkat \u00e7ekerek, Ankara\u2019n\u0131n temel amac\u0131n\u0131n b\u00f6lgede bar\u0131\u015f, istikrar ve g\u00fcvenli\u011fi sa\u011flamak oldu\u011funu kaydetti.<\/p>\n<p style=\"text-align: justify;\">\u00d6te yandan, 10 Mart\u2019ta imzalanan, Demokratik Suriye G\u00fc\u00e7leri\u2019nin (DSG) Suriye Arap Cumhuriyeti kurumlar\u0131na entegre edilmesini \u00f6ng\u00f6ren anla\u015fmaya da de\u011finen Fidan, T\u00fcrkiye\u2019nin bu anla\u015fman\u0131n uygulanmas\u0131n\u0131 bekledi\u011fini ve s\u00fcrecin olumlu bir atmosferde ilerlemesi gerekti\u011fini s\u00f6yledi.<\/p>\n<p style=\"text-align: justify;\">Ge\u00e7ti\u011fimiz hafta yapt\u0131\u011f\u0131 a\u00e7\u0131klamada da Suriye\u2019ye desteklerini yineleyen Fidan, Suriye\u2019nin b\u00f6l\u00fcnmesine y\u00f6nelik her giri\u015fimin T\u00fcrkiye\u2019nin ulusal g\u00fcvenli\u011fine do\u011frudan tehdit olu\u015fturaca\u011f\u0131n\u0131 ve bu durumda m\u00fcdahalede bulunacaklar\u0131n\u0131 vurgulam\u0131\u015ft\u0131.<\/p>\n","protected":false},"excerpt":{"rendered":"<p>ANKARA (SANA) &#8211; T\u00fcrkiye D\u0131\u015fi\u015fleri Bakan\u0131 Hakan Fidan, \u00fclkesinin Suriye&#8217;nin toprak b\u00fct\u00fcnl\u00fc\u011f\u00fcne ve istikrar\u0131na olan ba\u011fl\u0131l\u0131\u011f\u0131n\u0131 yineledi ve b\u00f6l\u00fcnme tehlikesi konusunda uyard\u0131. Anadolu Ajans\u0131&#8217;n\u0131n yay\u0131nlad\u0131\u011f\u0131 bir televizyon r\u00f6portaj\u0131nda Fidan, \u015funlar\u0131 s\u00f6yledi: &#8221;T\u00fcrkiye, S\u00fcveyda&#8217;daki olaylar\u0131 istismar etmek i\u00e7in Suriye genelindeki hareketleri izledi ve \u00fclkenin b\u00f6l\u00fcnmesine kar\u015f\u0131 uyard\u0131.&#8221; Fidan, &#8220;Suriye&#8217;nin birli\u011fini ve b\u00fct\u00fcnl\u00fc\u011f\u00fcn\u00fc istedi\u011fimiz i\u00e7in bu uyar\u0131y\u0131 &hellip;<\/p>\n","protected":false},"author":44,"featured_media":326499,"comment_status":"closed","ping_status":"closed","sticky":false,"template":"","format":"standard","meta":{"footnotes":""},"categories":[589,17988,2554,2555],"tags":[44116,19199,44115],"class_list":["post-326498","post","type-post","status-publish","format-standard","has-post-thumbnail","","category-haber-seridi","category-son-haberler","category-suriye-ve-dunya","category-suriye-ve-turkiye","tag-bolunme-tehlikesi-konusunda-uyardi","tag-disisleri-bakani","tag-suriyenin-birlik-ve-beraberligini-vurgulayarak"],"_links":{"self":[{"href":"https:\/\/archive.sana.sy\/tr\/index.php?rest_route=\/wp\/v2\/posts\/326498","targetHints":{"allow":["GET"]}}],"collection":[{"href":"https:\/\/archive.sana.sy\/tr\/index.php?rest_route=\/wp\/v2\/posts"}],"about":[{"href":"https:\/\/archive.sana.sy\/tr\/index.php?rest_route=\/wp\/v2\/types\/post"}],"author":[{"embeddable":true,"href":"https:\/\/archive.sana.sy\/tr\/index.php?rest_route=\/wp\/v2\/users\/44"}],"replies":[{"embeddable":true,"href":"https:\/\/archive.sana.sy\/tr\/index.php?rest_route=%2Fwp%2Fv2%2Fcomments&post=326498"}],"version-history":[{"count":1,"href":"https:\/\/archive.sana.sy\/tr\/index.php?rest_route=\/wp\/v2\/posts\/326498\/revisions"}],"predecessor-version":[{"id":326500,"href":"https:\/\/archive.sana.sy\/tr\/index.php?rest_route=\/wp\/v2\/posts\/326498\/revisions\/326500"}],"wp:featuredmedia":[{"embeddable":true,"href":"https:\/\/archive.sana.sy\/tr\/index.php?rest_route=\/wp\/v2\/media\/326499"}],"wp:attachment":[{"href":"https:\/\/archive.sana.sy\/tr\/index.php?rest_route=%2Fwp%2Fv2%2Fmedia&parent=326498"}],"wp:term":[{"taxonomy":"category","embeddable":true,"href":"https:\/\/archive.sana.sy\/tr\/index.php?rest_route=%2Fwp%2Fv2%2Fcategories&post=326498"},{"taxonomy":"post_tag","embeddable":true,"href":"https:\/\/archive.sana.sy\/tr\/index.php?rest_route=%2Fwp%2Fv2%2Ftags&post=326498"}],"curies":[{"name":"wp","href":"https:\/\/api.w.org\/{rel}","templated":true}]}}