{"id":326501,"date":"2025-07-26T14:57:04","date_gmt":"2025-07-26T11:57:04","guid":{"rendered":"https:\/\/sana.sy\/tr\/?p=326501"},"modified":"2025-07-26T14:58:04","modified_gmt":"2025-07-26T11:58:04","slug":"suriye-arap-kizilayi-deraya-insani-yardim-konvoyu-gonderdi-video","status":"publish","type":"post","link":"https:\/\/archive.sana.sy\/tr\/?p=326501","title":{"rendered":"Suriye Arap K\u0131z\u0131lay\u0131, Dera&#8217;ya \u0130nsani Yard\u0131m Konvoyu G\u00f6nderdi"},"content":{"rendered":"<p style=\"text-align: justify;\"><span style=\"color: #ff0000;\"><strong>\u015eAM (SANA)<\/strong> <\/span>&#8211;\u00a0 Suriye Arap K\u0131z\u0131lay\u0131, BM kurulu\u015flar\u0131yla i\u015f birli\u011fi i\u00e7inde \u015eam&#8217;dan Dera Valili\u011fi&#8217;ne 17 otob\u00fcsten olu\u015fan bir insani yard\u0131m konvoyu g\u00f6nderdi.<\/p>\n<p style=\"text-align: justify;\">Konvoyda g\u0131da, t\u0131bbi malzeme, i\u00e7me suyu, bebek bezi ve ihtiya\u00e7 sahibi aileler i\u00e7in \u00f6zel malzemeler bulunuyor.<\/p>\n<p style=\"text-align: justify;\">K\u0131z\u0131lay Medya Direkt\u00f6r\u00fc \u00d6mer Maliki, konvoylar\u0131n Dera&#8217;daki yerel yetkililerle koordinasyon halinde, sahada yap\u0131lan ihtiya\u00e7 de\u011ferlendirmesine dayanarak g\u00f6nderildi\u011fini belirtti.<\/p>\n<p style=\"text-align: justify;\">Maliki ayr\u0131ca, etkilenen insan say\u0131s\u0131n\u0131n \u00e7oklu\u011fu nedeniyle g\u00fcneyde ihtiya\u00e7lar\u0131n b\u00fcy\u00fck oldu\u011funu ve K\u0131z\u0131lay&#8217;\u0131n Dera ve S\u00fcveyda&#8217;ya neredeyse her g\u00fcn konvoylar g\u00f6ndererek insani yard\u0131m \u00e7al\u0131\u015fmalar\u0131na destek vermeye devam etti\u011fini vurgulad\u0131.<\/p>\n<div id='gallery-1' class='gallery galleryid-326501 gallery-columns-2 gallery-size-full'><figure class='gallery-item'>\n\t\t\t<div class='gallery-icon landscape'>\n\t\t\t\t<a href='https:\/\/archive.sana.sy\/tr\/?attachment_id=326503'><img loading=\"lazy\" decoding=\"async\" width=\"2560\" height=\"1707\" src=\"https:\/\/archive.sana.sy\/tr\/wp-content\/uploads\/2025\/07\/1-24.jpg\" class=\"attachment-full size-full\" alt=\"\" srcset=\"https:\/\/archive.sana.sy\/tr\/wp-content\/uploads\/2025\/07\/1-24.jpg 2560w, https:\/\/archive.sana.sy\/tr\/wp-content\/uploads\/2025\/07\/1-24-300x200.jpg 300w, https:\/\/archive.sana.sy\/tr\/wp-content\/uploads\/2025\/07\/1-24-1024x683.jpg 1024w, https:\/\/archive.sana.sy\/tr\/wp-content\/uploads\/2025\/07\/1-24-768x512.jpg 768w, https:\/\/archive.sana.sy\/tr\/wp-content\/uploads\/2025\/07\/1-24-1536x1024.jpg 1536w, https:\/\/archive.sana.sy\/tr\/wp-content\/uploads\/2025\/07\/1-24-2048x1366.jpg 2048w\" sizes=\"auto, (max-width: 2560px) 100vw, 2560px\" \/><\/a>\n\t\t\t<\/div><\/figure><figure class='gallery-item'>\n\t\t\t<div class='gallery-icon landscape'>\n\t\t\t\t<a href='https:\/\/archive.sana.sy\/tr\/?attachment_id=326504'><img loading=\"lazy\" decoding=\"async\" width=\"2560\" height=\"1707\" src=\"https:\/\/archive.sana.sy\/tr\/wp-content\/uploads\/2025\/07\/2-25.jpg\" class=\"attachment-full size-full\" alt=\"\" srcset=\"https:\/\/archive.sana.sy\/tr\/wp-content\/uploads\/2025\/07\/2-25.jpg 2560w, https:\/\/archive.sana.sy\/tr\/wp-content\/uploads\/2025\/07\/2-25-300x200.jpg 300w, https:\/\/archive.sana.sy\/tr\/wp-content\/uploads\/2025\/07\/2-25-1024x683.jpg 1024w, https:\/\/archive.sana.sy\/tr\/wp-content\/uploads\/2025\/07\/2-25-768x512.jpg 768w, https:\/\/archive.sana.sy\/tr\/wp-content\/uploads\/2025\/07\/2-25-1536x1024.jpg 1536w, https:\/\/archive.sana.sy\/tr\/wp-content\/uploads\/2025\/07\/2-25-2048x1366.jpg 2048w\" sizes=\"auto, (max-width: 2560px) 100vw, 2560px\" \/><\/a>\n\t\t\t<\/div><\/figure>\n\t\t<\/div>\n\n<p style=\"text-align: justify;\">\n","protected":false},"excerpt":{"rendered":"<p>\u015eAM (SANA) &#8211;\u00a0 Suriye Arap K\u0131z\u0131lay\u0131, BM kurulu\u015flar\u0131yla i\u015f birli\u011fi i\u00e7inde \u015eam&#8217;dan Dera Valili\u011fi&#8217;ne 17 otob\u00fcsten olu\u015fan bir insani yard\u0131m konvoyu g\u00f6nderdi. Konvoyda g\u0131da, t\u0131bbi malzeme, i\u00e7me suyu, bebek bezi ve ihtiya\u00e7 sahibi aileler i\u00e7in \u00f6zel malzemeler bulunuyor. K\u0131z\u0131lay Medya Direkt\u00f6r\u00fc \u00d6mer Maliki, konvoylar\u0131n Dera&#8217;daki yerel yetkililerle koordinasyon halinde, sahada yap\u0131lan ihtiya\u00e7 de\u011ferlendirmesine dayanarak g\u00f6nderildi\u011fini &hellip;<\/p>\n","protected":false},"author":44,"featured_media":326502,"comment_status":"closed","ping_status":"closed","sticky":false,"template":"","format":"standard","meta":{"footnotes":""},"categories":[589,479,17988,478],"tags":[],"class_list":["post-326501","post","type-post","status-publish","format-standard","has-post-thumbnail","","category-haber-seridi","category-haberler-yerel","category-son-haberler","category-yerel"],"_links":{"self":[{"href":"https:\/\/archive.sana.sy\/tr\/index.php?rest_route=\/wp\/v2\/posts\/326501","targetHints":{"allow":["GET"]}}],"collection":[{"href":"https:\/\/archive.sana.sy\/tr\/index.php?rest_route=\/wp\/v2\/posts"}],"about":[{"href":"https:\/\/archive.sana.sy\/tr\/index.php?rest_route=\/wp\/v2\/types\/post"}],"author":[{"embeddable":true,"href":"https:\/\/archive.sana.sy\/tr\/index.php?rest_route=\/wp\/v2\/users\/44"}],"replies":[{"embeddable":true,"href":"https:\/\/archive.sana.sy\/tr\/index.php?rest_route=%2Fwp%2Fv2%2Fcomments&post=326501"}],"version-history":[{"count":2,"href":"https:\/\/archive.sana.sy\/tr\/index.php?rest_route=\/wp\/v2\/posts\/326501\/revisions"}],"predecessor-version":[{"id":326506,"href":"https:\/\/archive.sana.sy\/tr\/index.php?rest_route=\/wp\/v2\/posts\/326501\/revisions\/326506"}],"wp:featuredmedia":[{"embeddable":true,"href":"https:\/\/archive.sana.sy\/tr\/index.php?rest_route=\/wp\/v2\/media\/326502"}],"wp:attachment":[{"href":"https:\/\/archive.sana.sy\/tr\/index.php?rest_route=%2Fwp%2Fv2%2Fmedia&parent=326501"}],"wp:term":[{"taxonomy":"category","embeddable":true,"href":"https:\/\/archive.sana.sy\/tr\/index.php?rest_route=%2Fwp%2Fv2%2Fcategories&post=326501"},{"taxonomy":"post_tag","embeddable":true,"href":"https:\/\/archive.sana.sy\/tr\/index.php?rest_route=%2Fwp%2Fv2%2Ftags&post=326501"}],"curies":[{"name":"wp","href":"https:\/\/api.w.org\/{rel}","templated":true}]}}