{"id":326510,"date":"2025-07-26T18:36:14","date_gmt":"2025-07-26T15:36:14","guid":{"rendered":"https:\/\/sana.sy\/tr\/?p=326510"},"modified":"2025-07-26T18:38:17","modified_gmt":"2025-07-26T15:38:17","slug":"suriyede-cimento-sanayisini-gelistirmek-icin-el-omran-ile-suudi-el-simaliye-grubu-arasinda-is-birligi-anlasmasi","status":"publish","type":"post","link":"https:\/\/archive.sana.sy\/tr\/?p=326510","title":{"rendered":"Suriye\u2019de \u00c7imento Sanayisini Geli\u015ftirmek \u0130\u00e7in \u201cEl Omran\u201d \u0130le Suudi \u201cEl \u015eimaliye\u201d Grubu Aras\u0131nda \u0130\u015f Birli\u011fi Anla\u015fmas\u0131"},"content":{"rendered":"<p style=\"text-align: justify;\"><strong><span style=\"color: #ff0000;\">\u0130STANBUL (SANA) &#8211;<\/span> <\/strong>Suriye Genel \u00c7imento ve \u0130n\u015faat Malzemeleri Sanayi ve Pazarlama \u015eirketi \u201cEl Omran\u201d Genel M\u00fcd\u00fcr\u00fc Mahmud Fadila, 24 Temmuz\u2019da \u015eam\u2019da d\u00fczenlenen Suriye-Suudi Yat\u0131r\u0131m Forumu\u2019nda Suudi \u201cEl-\u015eimaliye\u201d \u00c7imento Grubu ile imzalanan i\u015f birli\u011fi anla\u015fmas\u0131n\u0131n detaylar\u0131n\u0131 a\u00e7\u0131klad\u0131.<\/p>\n<p style=\"text-align: justify;\"><span style=\"color: #0000ff;\"><strong>Anla\u015fma, Suriye\u2019deki teknik personelin kapasitesini art\u0131rmay\u0131 ve teknik i\u015f birli\u011fini g\u00fc\u00e7lendirmeyi hedefliyor.<\/strong><\/span><\/p>\n<p style=\"text-align: justify;\">Suudi taraf\u0131 ad\u0131na anla\u015fmay\u0131 \u201cEl \u015eimaliye\u201d Grubu CEO\u2019su Obeid El Sebai imzalad\u0131. Anla\u015fman\u0131n ba\u015fl\u0131ca maddeleri aras\u0131nda, Adra \u00c7imento \u015eirketi E\u011fitim ve Rehabilitasyon Merkezi\u2019nde Suriye teknik personelinin e\u011fitilmesi yer al\u0131yor.<img loading=\"lazy\" decoding=\"async\" class=\"size-medium wp-image-326512 alignright\" src=\"http:\/\/sana.sy\/tr\/wp-content\/uploads\/2025\/07\/\u0645\u062d\u0645\u0648\u062f-\u0641\u0636\u064a\u0644\u0629-\u0645\u062f\u064a\u0631-\u0634\u0631\u0643\u0629-\u0639\u0645\u0631\u0627\u0646-1-768x430-1-300x168.jpg\" alt=\"\" width=\"300\" height=\"168\" srcset=\"https:\/\/archive.sana.sy\/tr\/wp-content\/uploads\/2025\/07\/\u0645\u062d\u0645\u0648\u062f-\u0641\u0636\u064a\u0644\u0629-\u0645\u062f\u064a\u0631-\u0634\u0631\u0643\u0629-\u0639\u0645\u0631\u0627\u0646-1-768x430-1-300x168.jpg 300w, https:\/\/archive.sana.sy\/tr\/wp-content\/uploads\/2025\/07\/\u0645\u062d\u0645\u0648\u062f-\u0641\u0636\u064a\u0644\u0629-\u0645\u062f\u064a\u0631-\u0634\u0631\u0643\u0629-\u0639\u0645\u0631\u0627\u0646-1-768x430-1.jpg 768w\" sizes=\"auto, (max-width: 300px) 100vw, 300px\" \/><\/p>\n<p style=\"text-align: justify;\">Fadila ayr\u0131ca, anla\u015fman\u0131n sanayi g\u00fcvenli\u011fi, i\u015f sa\u011fl\u0131\u011f\u0131 ve \u00e7evre kirlili\u011fini azaltma teknikleri e\u011fitimi ile modern teknolojilerin uygulamaya ge\u00e7irilmesini kapsad\u0131\u011f\u0131n\u0131 belirtti.<\/p>\n<p style=\"text-align: justify;\">Anla\u015fmada ayr\u0131ca ekipmanlar\u0131n tamiri ve bak\u0131m\u0131na ili\u015fkin \u00f6zel bir dosyan\u0131n haz\u0131rlanmas\u0131 ve \u201cEl Omran\u201d \u015firketine teknik destek verilmesi, yerli olarak bulunmayan ve yurt d\u0131\u015f\u0131ndan ithal edilen \u00e7imento t\u00fcrlerinin \u00fcretiminin g\u00f6zetimi yer al\u0131yor.<\/p>\n<p style=\"text-align: justify;\">Anla\u015fma s\u00fcresi 90 g\u00fcn olup uzat\u0131labilir ve uygulamaya \u00f6n\u00fcm\u00fczdeki hafta ba\u015flanacak. Suudi \u201cEl \u015eimaliye\u201d grubundan m\u00fchendis ve teknisyenler, Adra E\u011fitim Merkezi\u2019nde e\u011fitim program\u0131n\u0131 y\u00fcr\u00fctecek.<\/p>\n<p style=\"text-align: justify;\">Bu i\u015f birli\u011fi, Suriye Ekonomi ve Sanayi Bakanl\u0131\u011f\u0131\u2019n\u0131n \u00e7imento sekt\u00f6r\u00fcn\u00fc geli\u015ftirme, teknik ve \u00fcretim kapasitesini art\u0131rma hedefleri do\u011frultusunda ger\u00e7ekle\u015fiyor.<img loading=\"lazy\" decoding=\"async\" class=\" wp-image-326513 alignright\" src=\"http:\/\/sana.sy\/tr\/wp-content\/uploads\/2025\/07\/photo_2025-07-23_15-45-38-768x432-1-300x169.jpg\" alt=\"\" width=\"286\" height=\"161\" srcset=\"https:\/\/archive.sana.sy\/tr\/wp-content\/uploads\/2025\/07\/photo_2025-07-23_15-45-38-768x432-1-300x169.jpg 300w, https:\/\/archive.sana.sy\/tr\/wp-content\/uploads\/2025\/07\/photo_2025-07-23_15-45-38-768x432-1.jpg 768w\" sizes=\"auto, (max-width: 286px) 100vw, 286px\" \/><\/p>\n<p style=\"text-align: justify;\">Ayr\u0131ca Suudi Yat\u0131r\u0131m Bakan\u0131 Halid El Falih, Suriye\u2019de 11 milyar Suudi Riyali\u2019ni a\u015fan yat\u0131r\u0131mla 3\u2019ten fazla \u00e7imento fabrikas\u0131 kurulaca\u011f\u0131n\u0131 a\u00e7\u0131klad\u0131.<\/p>\n<p style=\"text-align: justify;\">23 Temmuz\u2019da Suriye Ekonomi ve Sanayi Bakan\u0131 Muhammed Nidal El \u015eaar ve Suudi Yat\u0131r\u0131m Bakan\u0131, \u015eam k\u0131rsal\u0131ndaki Adra Organize Sanayi B\u00f6lgesi\u2019nde Suriye\u2019nin ilk beyaz \u00e7imento fabrikas\u0131 \u201cFeyha\u201d projesini ba\u015flatt\u0131.<\/p>\n","protected":false},"excerpt":{"rendered":"<p>\u0130STANBUL (SANA) &#8211; Suriye Genel \u00c7imento ve \u0130n\u015faat Malzemeleri Sanayi ve Pazarlama \u015eirketi \u201cEl Omran\u201d Genel M\u00fcd\u00fcr\u00fc Mahmud Fadila, 24 Temmuz\u2019da \u015eam\u2019da d\u00fczenlenen Suriye-Suudi Yat\u0131r\u0131m Forumu\u2019nda Suudi \u201cEl-\u015eimaliye\u201d \u00c7imento Grubu ile imzalanan i\u015f birli\u011fi anla\u015fmas\u0131n\u0131n detaylar\u0131n\u0131 a\u00e7\u0131klad\u0131. Anla\u015fma, Suriye\u2019deki teknik personelin kapasitesini art\u0131rmay\u0131 ve teknik i\u015f birli\u011fini g\u00fc\u00e7lendirmeyi hedefliyor. Suudi taraf\u0131 ad\u0131na anla\u015fmay\u0131 \u201cEl \u015eimaliye\u201d &hellip;<\/p>\n","protected":false},"author":41,"featured_media":326511,"comment_status":"closed","ping_status":"closed","sticky":false,"template":"","format":"standard","meta":{"footnotes":""},"categories":[485,486,17988,1],"tags":[],"class_list":["post-326510","post","type-post","status-publish","format-standard","has-post-thumbnail","","category-is-ve-sermaye","category-haberler-is-ve-sermaye","category-son-haberler","category-news-not-sorted"],"_links":{"self":[{"href":"https:\/\/archive.sana.sy\/tr\/index.php?rest_route=\/wp\/v2\/posts\/326510","targetHints":{"allow":["GET"]}}],"collection":[{"href":"https:\/\/archive.sana.sy\/tr\/index.php?rest_route=\/wp\/v2\/posts"}],"about":[{"href":"https:\/\/archive.sana.sy\/tr\/index.php?rest_route=\/wp\/v2\/types\/post"}],"author":[{"embeddable":true,"href":"https:\/\/archive.sana.sy\/tr\/index.php?rest_route=\/wp\/v2\/users\/41"}],"replies":[{"embeddable":true,"href":"https:\/\/archive.sana.sy\/tr\/index.php?rest_route=%2Fwp%2Fv2%2Fcomments&post=326510"}],"version-history":[{"count":1,"href":"https:\/\/archive.sana.sy\/tr\/index.php?rest_route=\/wp\/v2\/posts\/326510\/revisions"}],"predecessor-version":[{"id":326514,"href":"https:\/\/archive.sana.sy\/tr\/index.php?rest_route=\/wp\/v2\/posts\/326510\/revisions\/326514"}],"wp:featuredmedia":[{"embeddable":true,"href":"https:\/\/archive.sana.sy\/tr\/index.php?rest_route=\/wp\/v2\/media\/326511"}],"wp:attachment":[{"href":"https:\/\/archive.sana.sy\/tr\/index.php?rest_route=%2Fwp%2Fv2%2Fmedia&parent=326510"}],"wp:term":[{"taxonomy":"category","embeddable":true,"href":"https:\/\/archive.sana.sy\/tr\/index.php?rest_route=%2Fwp%2Fv2%2Fcategories&post=326510"},{"taxonomy":"post_tag","embeddable":true,"href":"https:\/\/archive.sana.sy\/tr\/index.php?rest_route=%2Fwp%2Fv2%2Ftags&post=326510"}],"curies":[{"name":"wp","href":"https:\/\/api.w.org\/{rel}","templated":true}]}}