{"id":326522,"date":"2025-07-26T21:06:09","date_gmt":"2025-07-26T18:06:09","guid":{"rendered":"https:\/\/sana.sy\/tr\/?p=326522"},"modified":"2025-07-26T21:06:09","modified_gmt":"2025-07-26T18:06:09","slug":"suriye-arap-kizilayina-ait-yardim-konvoyu-suveydaya-dogru-yola-cikti","status":"publish","type":"post","link":"https:\/\/archive.sana.sy\/tr\/?p=326522","title":{"rendered":"Suriye Arap K\u0131z\u0131lay\u0131\u2019na Ait Yard\u0131m Konvoyu S\u00fcveyda\u2019ya Do\u011fru Yola \u00c7\u0131kt\u0131"},"content":{"rendered":"<p style=\"text-align: justify;\"><span style=\"color: #ff0000;\"><strong>DERA (SANA) &#8211;<\/strong><\/span> Bug\u00fcn \u00f6\u011fleden sonra, Suriye Arap K\u0131z\u0131lay\u0131\u2019na ait bir konvoy, Dera k\u0131rsal\u0131ndaki Busrai El \u015eam \u0130nsani Ge\u00e7i\u015f Noktas\u0131\u2019na ula\u015farak S\u00fcveyda vilayetine do\u011fru hareket etti.<\/p>\n<p style=\"text-align: justify;\">Konvoyda, g\u0131da ve t\u0131bbi malzemeler i\u00e7eren bir so\u011futuculu kamyon ile S\u00fcveyda\u2019den Dera vilayetine 250 ki\u015fiyi ta\u015f\u0131yacak d\u00f6rt otob\u00fcs bulunuyor.<\/p>\n<p style=\"text-align: justify;\">Suriye Arap K\u0131z\u0131lay\u0131, G\u00fcney b\u00f6lgesine y\u00f6nelik bir insani yard\u0131m kampanyas\u0131 ba\u015flatt\u0131, bu kampanya S\u00fcveyda ve Dera vilayetlerinde hayat kurtar\u0131c\u0131 hizmetlerin sunulmas\u0131n\u0131 ve insani yard\u0131m konvoylar\u0131n\u0131n d\u00fczenlenmesini kapsamaktad\u0131r.<\/p>\n<div id='gallery-1' class='gallery galleryid-326522 gallery-columns-1 gallery-size-full'><figure class='gallery-item'>\n\t\t\t<div class='gallery-icon landscape'>\n\t\t\t\t<a href='https:\/\/archive.sana.sy\/tr\/?attachment_id=326523'><img loading=\"lazy\" decoding=\"async\" width=\"1536\" height=\"1097\" src=\"https:\/\/archive.sana.sy\/tr\/wp-content\/uploads\/2025\/07\/IMG_20250726_191411_507-1536x1097-1.jpg\" class=\"attachment-full size-full\" alt=\"\" aria-describedby=\"gallery-1-326523\" srcset=\"https:\/\/archive.sana.sy\/tr\/wp-content\/uploads\/2025\/07\/IMG_20250726_191411_507-1536x1097-1.jpg 1536w, https:\/\/archive.sana.sy\/tr\/wp-content\/uploads\/2025\/07\/IMG_20250726_191411_507-1536x1097-1-300x214.jpg 300w, https:\/\/archive.sana.sy\/tr\/wp-content\/uploads\/2025\/07\/IMG_20250726_191411_507-1536x1097-1-1024x731.jpg 1024w, https:\/\/archive.sana.sy\/tr\/wp-content\/uploads\/2025\/07\/IMG_20250726_191411_507-1536x1097-1-768x549.jpg 768w\" sizes=\"auto, (max-width: 1536px) 100vw, 1536px\" \/><\/a>\n\t\t\t<\/div>\n\t\t\t\t<figcaption class='wp-caption-text gallery-caption' id='gallery-1-326523'>\n\t\t\t\t0-0x0-0-0#\n\t\t\t\t<\/figcaption><\/figure><figure class='gallery-item'>\n\t\t\t<div class='gallery-icon landscape'>\n\t\t\t\t<a href='https:\/\/archive.sana.sy\/tr\/?attachment_id=326524'><img loading=\"lazy\" decoding=\"async\" width=\"1536\" height=\"1008\" src=\"https:\/\/archive.sana.sy\/tr\/wp-content\/uploads\/2025\/07\/IMG_20250726_191556_816-1536x1008-1.jpg\" class=\"attachment-full size-full\" alt=\"\" aria-describedby=\"gallery-1-326524\" srcset=\"https:\/\/archive.sana.sy\/tr\/wp-content\/uploads\/2025\/07\/IMG_20250726_191556_816-1536x1008-1.jpg 1536w, https:\/\/archive.sana.sy\/tr\/wp-content\/uploads\/2025\/07\/IMG_20250726_191556_816-1536x1008-1-300x197.jpg 300w, https:\/\/archive.sana.sy\/tr\/wp-content\/uploads\/2025\/07\/IMG_20250726_191556_816-1536x1008-1-1024x672.jpg 1024w, https:\/\/archive.sana.sy\/tr\/wp-content\/uploads\/2025\/07\/IMG_20250726_191556_816-1536x1008-1-768x504.jpg 768w\" sizes=\"auto, (max-width: 1536px) 100vw, 1536px\" \/><\/a>\n\t\t\t<\/div>\n\t\t\t\t<figcaption class='wp-caption-text gallery-caption' id='gallery-1-326524'>\n\t\t\t\t0-0x0-0-0#\n\t\t\t\t<\/figcaption><\/figure>\n\t\t<\/div>\n\n","protected":false},"excerpt":{"rendered":"<p>DERA (SANA) &#8211; Bug\u00fcn \u00f6\u011fleden sonra, Suriye Arap K\u0131z\u0131lay\u0131\u2019na ait bir konvoy, Dera k\u0131rsal\u0131ndaki Busrai El \u015eam \u0130nsani Ge\u00e7i\u015f Noktas\u0131\u2019na ula\u015farak S\u00fcveyda vilayetine do\u011fru hareket etti. Konvoyda, g\u0131da ve t\u0131bbi malzemeler i\u00e7eren bir so\u011futuculu kamyon ile S\u00fcveyda\u2019den Dera vilayetine 250 ki\u015fiyi ta\u015f\u0131yacak d\u00f6rt otob\u00fcs bulunuyor. Suriye Arap K\u0131z\u0131lay\u0131, G\u00fcney b\u00f6lgesine y\u00f6nelik bir insani yard\u0131m kampanyas\u0131 &hellip;<\/p>\n","protected":false},"author":41,"featured_media":326525,"comment_status":"closed","ping_status":"closed","sticky":false,"template":"","format":"standard","meta":{"footnotes":""},"categories":[589,479,17988,478],"tags":[],"class_list":["post-326522","post","type-post","status-publish","format-standard","has-post-thumbnail","","category-haber-seridi","category-haberler-yerel","category-son-haberler","category-yerel"],"_links":{"self":[{"href":"https:\/\/archive.sana.sy\/tr\/index.php?rest_route=\/wp\/v2\/posts\/326522","targetHints":{"allow":["GET"]}}],"collection":[{"href":"https:\/\/archive.sana.sy\/tr\/index.php?rest_route=\/wp\/v2\/posts"}],"about":[{"href":"https:\/\/archive.sana.sy\/tr\/index.php?rest_route=\/wp\/v2\/types\/post"}],"author":[{"embeddable":true,"href":"https:\/\/archive.sana.sy\/tr\/index.php?rest_route=\/wp\/v2\/users\/41"}],"replies":[{"embeddable":true,"href":"https:\/\/archive.sana.sy\/tr\/index.php?rest_route=%2Fwp%2Fv2%2Fcomments&post=326522"}],"version-history":[{"count":1,"href":"https:\/\/archive.sana.sy\/tr\/index.php?rest_route=\/wp\/v2\/posts\/326522\/revisions"}],"predecessor-version":[{"id":326526,"href":"https:\/\/archive.sana.sy\/tr\/index.php?rest_route=\/wp\/v2\/posts\/326522\/revisions\/326526"}],"wp:featuredmedia":[{"embeddable":true,"href":"https:\/\/archive.sana.sy\/tr\/index.php?rest_route=\/wp\/v2\/media\/326525"}],"wp:attachment":[{"href":"https:\/\/archive.sana.sy\/tr\/index.php?rest_route=%2Fwp%2Fv2%2Fmedia&parent=326522"}],"wp:term":[{"taxonomy":"category","embeddable":true,"href":"https:\/\/archive.sana.sy\/tr\/index.php?rest_route=%2Fwp%2Fv2%2Fcategories&post=326522"},{"taxonomy":"post_tag","embeddable":true,"href":"https:\/\/archive.sana.sy\/tr\/index.php?rest_route=%2Fwp%2Fv2%2Ftags&post=326522"}],"curies":[{"name":"wp","href":"https:\/\/api.w.org\/{rel}","templated":true}]}}