{"id":326527,"date":"2025-07-26T22:59:55","date_gmt":"2025-07-26T19:59:55","guid":{"rendered":"https:\/\/sana.sy\/tr\/?p=326527"},"modified":"2025-07-28T12:43:49","modified_gmt":"2025-07-28T09:43:49","slug":"cumhurbaskani-el-sara-fransa-cumhurbaskani-macrondan-telefon-aldi-gorusmede-suriyenin-birligi-vurgulandi","status":"publish","type":"post","link":"https:\/\/archive.sana.sy\/tr\/?p=326527","title":{"rendered":"Cumhurba\u015fkan\u0131 El \u015eara, Fransa Cumhurba\u015fkan\u0131 Macron&#8217;dan Telefon Ald\u0131, G\u00f6r\u00fc\u015fmede Suriye&#8217;nin Birli\u011fi Vurguland\u0131"},"content":{"rendered":"<p style=\"text-align: justify;\"><span style=\"color: #ff0000;\"><strong>\u015eAM (SANA) &#8211;<\/strong> <\/span>Fransa Cumhurba\u015fkan\u0131 Say\u0131n Emmanuel Macron, Suriye Arap Cumhuriyeti Cumhurba\u015fkan\u0131 Say\u0131n Ahmed El \u015eara ile bug\u00fcn ger\u00e7ekle\u015ftirdi\u011fi telefon g\u00f6r\u00fc\u015fmesinde, Suriye\u2019deki g\u00fcncel geli\u015fmeleri, istikrar\u0131n sa\u011flanmas\u0131 yollar\u0131n\u0131 ve siyasi \u00e7\u00f6z\u00fcm perspektiflerini ele ald\u0131. G\u00f6r\u00fc\u015fmede ayr\u0131ca b\u00f6lgesel ve uluslararas\u0131 d\u00fczeyde ilgili meseleler de de\u011ferlendirildi.<\/p>\n<p style=\"text-align: justify;\">Cumhurba\u015fkan\u0131 Macron, Fransa\u2019n\u0131n Suriye\u2019nin birli\u011fi, egemenli\u011fi ve ba\u011f\u0131ms\u0131zl\u0131\u011f\u0131na olan ba\u011fl\u0131l\u0131\u011f\u0131n\u0131 yineledi ve Suriye\u2019de bar\u0131\u015f ve istikrar\u0131n sa\u011flanmas\u0131n\u0131n b\u00f6lgesel g\u00fcvenlik a\u00e7\u0131s\u0131ndan vazge\u00e7ilmez oldu\u011funu vurgulad\u0131.<\/p>\n<p style=\"text-align: justify;\">Cumhurba\u015fkan\u0131 Macron ayr\u0131ca, \u0130srail\u2019in son d\u00f6nemde ger\u00e7ekle\u015ftirdi\u011fi t\u0131rmand\u0131r\u0131c\u0131 eylemleri ve Suriye topraklar\u0131ndaki ihlalleri sert \u015fekilde k\u0131nayarak, Suriye\u2019nin toprak b\u00fct\u00fcnl\u00fc\u011f\u00fcn\u00fcn korunmas\u0131 gerekti\u011finin alt\u0131n\u0131 \u00e7izdi. Uluslararas\u0131 taraflara, olumsuz m\u00fcdahalelerden ka\u00e7\u0131nmalar\u0131 \u00e7a\u011fr\u0131s\u0131nda bulundu.<\/p>\n<p style=\"text-align: justify;\">Fransa Cumhurba\u015fkan\u0131, \u00fclkesinin Suriye\u2019nin yeniden imar\u0131 ve toparlanmas\u0131 s\u00fcrecini desteklemeye haz\u0131r oldu\u011funu belirterek, bu \u00e7er\u00e7evede, teknik ve insani katk\u0131lar sa\u011flanaca\u011f\u0131n\u0131, Frans\u0131z \u00f6zel sekt\u00f6r\u00fcn\u00fcn kademeli olarak Suriye pazar\u0131na d\u00f6nmesi i\u00e7in te\u015fvik edilece\u011fini de ifade etti.<\/p>\n<p style=\"text-align: justify;\">Cumhurba\u015fkan\u0131 Ahmed El \u015eara ise, Frans\u0131z tutumunun dengeli oldu\u011funu, Suriye halk\u0131n\u0131n haklar\u0131na, g\u00fcvenli\u011fine ve istikrar\u0131na duyulan deste\u011fin takdire \u015fayan oldu\u011funu belirtti.<\/p>\n<p style=\"text-align: justify;\">Cumhurba\u015fkan\u0131 El \u015eara ayr\u0131ca, sava\u015f\u0131n harap etti\u011fi hayati sekt\u00f6rlerde yeniden in\u015fa ve i\u015f imkanlar\u0131 olu\u015fturacak her t\u00fcrl\u00fc ekonomik ve yat\u0131r\u0131m giri\u015fimine a\u00e7\u0131k olduklar\u0131n\u0131 dile getirirken, uluslararas\u0131 yat\u0131r\u0131mlar\u0131n bar\u0131\u015fa katk\u0131 sa\u011flamas\u0131 gerekti\u011fini vurgulad\u0131 ve hi\u00e7bir \u015fekilde bir bask\u0131 ya da \u015fantaj arac\u0131 olarak kullan\u0131lmamas\u0131 gerekti\u011fini kaydetti.<\/p>\n<p style=\"text-align: justify;\">G\u00f6r\u00fc\u015fme s\u0131ras\u0131nda Cumhurba\u015fkan\u0131 El \u015eara, S\u00fcveyda\u2019daki son geli\u015fmelere de de\u011finerek, ya\u015fananlar\u0131n silahl\u0131 gruplar\u0131n devlet otoritesine meydan okumas\u0131 sonucu ortaya \u00e7\u0131kt\u0131\u011f\u0131n\u0131 ve devletin silahl\u0131 y\u00f6ntemlerle egemenli\u011fini geri getirme giri\u015fimlerini reddetti\u011fini ifade etti.<\/p>\n<p style=\"text-align: justify;\">Suriye devletinin bu t\u00fcr durumlar\u0131n devam\u0131na izin vermeyece\u011fini, g\u00fcvenli\u011fi yeniden tesis edece\u011fini, su\u00e7lular\u0131 adalet \u00f6n\u00fcne \u00e7\u0131karaca\u011f\u0131n\u0131 ve devlet kurumlar\u0131n\u0131n b\u00f6lgede yeniden aktif hale getirilece\u011fini belirten Cumhurba\u015fkan\u0131 El \u015eara, \u00f6zellikle \u0130srail\u2019in i\u00e7 meseleleri istismar etmeye \u00e7al\u0131\u015ft\u0131\u011f\u0131n\u0131 vurgulad\u0131 ve S\u00fcveyda\u2019n\u0131n Suriye\u2019nin ayr\u0131lmaz bir par\u00e7as\u0131 oldu\u011funu ve herhangi bir ayr\u0131l\u0131k\u00e7\u0131 ya da y\u0131k\u0131c\u0131 ajandan\u0131n arac\u0131 haline getirilemeyece\u011fini dile getirdi.<\/p>\n<p style=\"text-align: justify;\">G\u00f6r\u00fc\u015fmenin sonunda iki lider, Suriye\u2019nin egemenli\u011fine sayg\u0131 temelinde, insani, ekonomik ve siyasi dosyalar\u0131 takip etmek \u00fczere ortak koordinasyon ve ileti\u015fim kanallar\u0131n\u0131n a\u00e7\u0131k tutulmas\u0131 konusunda mutab\u0131k kald\u0131.<\/p>\n","protected":false},"excerpt":{"rendered":"<p>\u015eAM (SANA) &#8211; Fransa Cumhurba\u015fkan\u0131 Say\u0131n Emmanuel Macron, Suriye Arap Cumhuriyeti Cumhurba\u015fkan\u0131 Say\u0131n Ahmed El \u015eara ile bug\u00fcn ger\u00e7ekle\u015ftirdi\u011fi telefon g\u00f6r\u00fc\u015fmesinde, Suriye\u2019deki g\u00fcncel geli\u015fmeleri, istikrar\u0131n sa\u011flanmas\u0131 yollar\u0131n\u0131 ve siyasi \u00e7\u00f6z\u00fcm perspektiflerini ele ald\u0131. G\u00f6r\u00fc\u015fmede ayr\u0131ca b\u00f6lgesel ve uluslararas\u0131 d\u00fczeyde ilgili meseleler de de\u011ferlendirildi. Cumhurba\u015fkan\u0131 Macron, Fransa\u2019n\u0131n Suriye\u2019nin birli\u011fi, egemenli\u011fi ve ba\u011f\u0131ms\u0131zl\u0131\u011f\u0131na olan ba\u011fl\u0131l\u0131\u011f\u0131n\u0131 yineledi ve &hellip;<\/p>\n","protected":false},"author":41,"featured_media":326528,"comment_status":"closed","ping_status":"closed","sticky":false,"template":"","format":"standard","meta":{"footnotes":""},"categories":[606,479,17988,478],"tags":[],"class_list":["post-326527","post","type-post","status-publish","format-standard","has-post-thumbnail","","category-cumhurbaskani","category-haberler-yerel","category-son-haberler","category-yerel"],"_links":{"self":[{"href":"https:\/\/archive.sana.sy\/tr\/index.php?rest_route=\/wp\/v2\/posts\/326527","targetHints":{"allow":["GET"]}}],"collection":[{"href":"https:\/\/archive.sana.sy\/tr\/index.php?rest_route=\/wp\/v2\/posts"}],"about":[{"href":"https:\/\/archive.sana.sy\/tr\/index.php?rest_route=\/wp\/v2\/types\/post"}],"author":[{"embeddable":true,"href":"https:\/\/archive.sana.sy\/tr\/index.php?rest_route=\/wp\/v2\/users\/41"}],"replies":[{"embeddable":true,"href":"https:\/\/archive.sana.sy\/tr\/index.php?rest_route=%2Fwp%2Fv2%2Fcomments&post=326527"}],"version-history":[{"count":1,"href":"https:\/\/archive.sana.sy\/tr\/index.php?rest_route=\/wp\/v2\/posts\/326527\/revisions"}],"predecessor-version":[{"id":326529,"href":"https:\/\/archive.sana.sy\/tr\/index.php?rest_route=\/wp\/v2\/posts\/326527\/revisions\/326529"}],"wp:featuredmedia":[{"embeddable":true,"href":"https:\/\/archive.sana.sy\/tr\/index.php?rest_route=\/wp\/v2\/media\/326528"}],"wp:attachment":[{"href":"https:\/\/archive.sana.sy\/tr\/index.php?rest_route=%2Fwp%2Fv2%2Fmedia&parent=326527"}],"wp:term":[{"taxonomy":"category","embeddable":true,"href":"https:\/\/archive.sana.sy\/tr\/index.php?rest_route=%2Fwp%2Fv2%2Fcategories&post=326527"},{"taxonomy":"post_tag","embeddable":true,"href":"https:\/\/archive.sana.sy\/tr\/index.php?rest_route=%2Fwp%2Fv2%2Ftags&post=326527"}],"curies":[{"name":"wp","href":"https:\/\/api.w.org\/{rel}","templated":true}]}}