{"id":326530,"date":"2025-07-26T23:05:16","date_gmt":"2025-07-26T20:05:16","guid":{"rendered":"https:\/\/sana.sy\/tr\/?p=326530"},"modified":"2025-07-26T23:05:16","modified_gmt":"2025-07-26T20:05:16","slug":"urdun-krali-suriyenin-istikrari-ve-egemenliginin-korunmasinin-onemini-yineledi","status":"publish","type":"post","link":"https:\/\/archive.sana.sy\/tr\/?p=326530","title":{"rendered":"\u00dcrd\u00fcn Kral\u0131, Suriye&#8217;nin \u0130stikrar\u0131 Ve Egemenli\u011finin Korunmas\u0131n\u0131n \u00d6nemini Yineledi"},"content":{"rendered":"<p style=\"text-align: justify;\"><span style=\"color: #ff0000;\"><strong>AMMAN (SANA) &#8211;<\/strong> <\/span>\u00dcrd\u00fcn Kral\u0131 II. Abdullah, Suriye&#8217;nin istikrar\u0131n\u0131n ve toprak b\u00fct\u00fcnl\u00fc\u011f\u00fcn\u00fcn korunmas\u0131n\u0131n \u00f6nemini bir kez daha vurgulad\u0131. Kral, \u00dcrd\u00fcn ile Amerika Birle\u015fik Devletleri aras\u0131nda Suriye&#8217;deki gerilimin azalt\u0131lmas\u0131 konusunda y\u00fcr\u00fct\u00fclen yak\u0131n koordinasyonun ba\u015far\u0131l\u0131 sonu\u00e7lar do\u011furdu\u011funu ifade etti.<\/p>\n<p style=\"text-align: justify;\">Bu a\u00e7\u0131klama, Kral Abdullah ile ABD Ba\u015fkan\u0131 Donald Trump aras\u0131nda bug\u00fcn ger\u00e7ekle\u015fen telefon g\u00f6r\u00fc\u015fmesinde yer ald\u0131. G\u00f6r\u00fc\u015fmeye ili\u015fkin a\u00e7\u0131klama \u00dcrd\u00fcn Kraliyet Divan\u0131 taraf\u0131ndan yap\u0131ld\u0131.<\/p>\n<p style=\"text-align: justify;\">Kral Abdullah, b\u00f6lgede gerilimin azalt\u0131lmas\u0131na y\u00f6nelik \u00e7abalar\u0131ndan dolay\u0131 ABD ve Ba\u015fkan Trump\u2019a te\u015fekk\u00fcr etti. Ayr\u0131ca \u00dcrd\u00fcn\u2019\u00fcn, b\u00f6lgenin g\u00fcvenlik ve istikrar\u0131n\u0131 sa\u011flayacak adil ve kal\u0131c\u0131 bir bar\u0131\u015fa ula\u015fmak i\u00e7in ABD ve etkin \u00fclkelerle i\u015f birli\u011fini s\u00fcrd\u00fcrmeye kararl\u0131 oldu\u011funu belirtti.<\/p>\n<p style=\"text-align: justify;\">A\u00e7\u0131klamaya g\u00f6re, iki lider g\u00f6r\u00fc\u015fmede b\u00f6lgedeki son geli\u015fmeleri, \u00f6zellikle Gazze ve Suriye\u2019deki durumu ele ald\u0131.<\/p>\n","protected":false},"excerpt":{"rendered":"<p>AMMAN (SANA) &#8211; \u00dcrd\u00fcn Kral\u0131 II. Abdullah, Suriye&#8217;nin istikrar\u0131n\u0131n ve toprak b\u00fct\u00fcnl\u00fc\u011f\u00fcn\u00fcn korunmas\u0131n\u0131n \u00f6nemini bir kez daha vurgulad\u0131. Kral, \u00dcrd\u00fcn ile Amerika Birle\u015fik Devletleri aras\u0131nda Suriye&#8217;deki gerilimin azalt\u0131lmas\u0131 konusunda y\u00fcr\u00fct\u00fclen yak\u0131n koordinasyonun ba\u015far\u0131l\u0131 sonu\u00e7lar do\u011furdu\u011funu ifade etti. Bu a\u00e7\u0131klama, Kral Abdullah ile ABD Ba\u015fkan\u0131 Donald Trump aras\u0131nda bug\u00fcn ger\u00e7ekle\u015fen telefon g\u00f6r\u00fc\u015fmesinde yer ald\u0131. G\u00f6r\u00fc\u015fmeye ili\u015fkin &hellip;<\/p>\n","protected":false},"author":41,"featured_media":326531,"comment_status":"closed","ping_status":"closed","sticky":false,"template":"","format":"standard","meta":{"footnotes":""},"categories":[458,589,459,17988],"tags":[],"class_list":["post-326530","post","type-post","status-publish","format-standard","has-post-thumbnail","","category-dunya1","category-haber-seridi","category-haberler-arap-uluslararasi-politika","category-son-haberler"],"_links":{"self":[{"href":"https:\/\/archive.sana.sy\/tr\/index.php?rest_route=\/wp\/v2\/posts\/326530","targetHints":{"allow":["GET"]}}],"collection":[{"href":"https:\/\/archive.sana.sy\/tr\/index.php?rest_route=\/wp\/v2\/posts"}],"about":[{"href":"https:\/\/archive.sana.sy\/tr\/index.php?rest_route=\/wp\/v2\/types\/post"}],"author":[{"embeddable":true,"href":"https:\/\/archive.sana.sy\/tr\/index.php?rest_route=\/wp\/v2\/users\/41"}],"replies":[{"embeddable":true,"href":"https:\/\/archive.sana.sy\/tr\/index.php?rest_route=%2Fwp%2Fv2%2Fcomments&post=326530"}],"version-history":[{"count":1,"href":"https:\/\/archive.sana.sy\/tr\/index.php?rest_route=\/wp\/v2\/posts\/326530\/revisions"}],"predecessor-version":[{"id":326532,"href":"https:\/\/archive.sana.sy\/tr\/index.php?rest_route=\/wp\/v2\/posts\/326530\/revisions\/326532"}],"wp:featuredmedia":[{"embeddable":true,"href":"https:\/\/archive.sana.sy\/tr\/index.php?rest_route=\/wp\/v2\/media\/326531"}],"wp:attachment":[{"href":"https:\/\/archive.sana.sy\/tr\/index.php?rest_route=%2Fwp%2Fv2%2Fmedia&parent=326530"}],"wp:term":[{"taxonomy":"category","embeddable":true,"href":"https:\/\/archive.sana.sy\/tr\/index.php?rest_route=%2Fwp%2Fv2%2Fcategories&post=326530"},{"taxonomy":"post_tag","embeddable":true,"href":"https:\/\/archive.sana.sy\/tr\/index.php?rest_route=%2Fwp%2Fv2%2Ftags&post=326530"}],"curies":[{"name":"wp","href":"https:\/\/api.w.org\/{rel}","templated":true}]}}