{"id":326533,"date":"2025-07-26T23:15:56","date_gmt":"2025-07-26T20:15:56","guid":{"rendered":"https:\/\/sana.sy\/tr\/?p=326533"},"modified":"2025-07-26T23:15:56","modified_gmt":"2025-07-26T20:15:56","slug":"belcikada-suriye-toplumunun-israilin-suriye-topraklarina-yonelik-saldirilarini-kinamak-icin-duzenledigi-protesto-gosterisinin-goruntuleri","status":"publish","type":"post","link":"https:\/\/archive.sana.sy\/tr\/?p=326533","title":{"rendered":"Bel\u00e7ika&#8217;da Suriye Toplumunun, \u0130srail&#8217;in Suriye Topraklar\u0131na Y\u00f6nelik Sald\u0131r\u0131lar\u0131n\u0131 K\u0131namak \u0130\u00e7in D\u00fczenledi\u011fi Protesto G\u00f6sterisinin G\u00f6r\u00fcnt\u00fcleri"},"content":{"rendered":"<div id='gallery-1' class='gallery galleryid-326533 gallery-columns-1 gallery-size-full'><figure class='gallery-item'>\n\t\t\t<div class='gallery-icon landscape'>\n\t\t\t\t<a href='https:\/\/archive.sana.sy\/tr\/?attachment_id=326536'><img loading=\"lazy\" decoding=\"async\" width=\"1280\" height=\"813\" src=\"https:\/\/archive.sana.sy\/tr\/wp-content\/uploads\/2025\/07\/photo_2025-07-26_23-06-56-1.jpg\" class=\"attachment-full size-full\" alt=\"\" srcset=\"https:\/\/archive.sana.sy\/tr\/wp-content\/uploads\/2025\/07\/photo_2025-07-26_23-06-56-1.jpg 1280w, https:\/\/archive.sana.sy\/tr\/wp-content\/uploads\/2025\/07\/photo_2025-07-26_23-06-56-1-300x191.jpg 300w, https:\/\/archive.sana.sy\/tr\/wp-content\/uploads\/2025\/07\/photo_2025-07-26_23-06-56-1-1024x650.jpg 1024w, https:\/\/archive.sana.sy\/tr\/wp-content\/uploads\/2025\/07\/photo_2025-07-26_23-06-56-1-768x488.jpg 768w\" sizes=\"auto, (max-width: 1280px) 100vw, 1280px\" \/><\/a>\n\t\t\t<\/div><\/figure><figure class='gallery-item'>\n\t\t\t<div class='gallery-icon landscape'>\n\t\t\t\t<a href='https:\/\/archive.sana.sy\/tr\/?attachment_id=326537'><img loading=\"lazy\" decoding=\"async\" width=\"1280\" height=\"926\" src=\"https:\/\/archive.sana.sy\/tr\/wp-content\/uploads\/2025\/07\/photo_2025-07-26_23-06-57-2.jpg\" class=\"attachment-full size-full\" alt=\"\" srcset=\"https:\/\/archive.sana.sy\/tr\/wp-content\/uploads\/2025\/07\/photo_2025-07-26_23-06-57-2.jpg 1280w, https:\/\/archive.sana.sy\/tr\/wp-content\/uploads\/2025\/07\/photo_2025-07-26_23-06-57-2-300x217.jpg 300w, https:\/\/archive.sana.sy\/tr\/wp-content\/uploads\/2025\/07\/photo_2025-07-26_23-06-57-2-1024x741.jpg 1024w, https:\/\/archive.sana.sy\/tr\/wp-content\/uploads\/2025\/07\/photo_2025-07-26_23-06-57-2-768x556.jpg 768w\" sizes=\"auto, (max-width: 1280px) 100vw, 1280px\" \/><\/a>\n\t\t\t<\/div><\/figure><figure class='gallery-item'>\n\t\t\t<div class='gallery-icon landscape'>\n\t\t\t\t<a href='https:\/\/archive.sana.sy\/tr\/?attachment_id=326538'><img loading=\"lazy\" decoding=\"async\" width=\"1280\" height=\"836\" src=\"https:\/\/archive.sana.sy\/tr\/wp-content\/uploads\/2025\/07\/photo_2025-07-26_23-06-57.jpg\" class=\"attachment-full size-full\" alt=\"\" srcset=\"https:\/\/archive.sana.sy\/tr\/wp-content\/uploads\/2025\/07\/photo_2025-07-26_23-06-57.jpg 1280w, https:\/\/archive.sana.sy\/tr\/wp-content\/uploads\/2025\/07\/photo_2025-07-26_23-06-57-300x196.jpg 300w, https:\/\/archive.sana.sy\/tr\/wp-content\/uploads\/2025\/07\/photo_2025-07-26_23-06-57-1024x669.jpg 1024w, https:\/\/archive.sana.sy\/tr\/wp-content\/uploads\/2025\/07\/photo_2025-07-26_23-06-57-768x502.jpg 768w\" sizes=\"auto, (max-width: 1280px) 100vw, 1280px\" \/><\/a>\n\t\t\t<\/div><\/figure><figure class='gallery-item'>\n\t\t\t<div class='gallery-icon landscape'>\n\t\t\t\t<a href='https:\/\/archive.sana.sy\/tr\/?attachment_id=326539'><img loading=\"lazy\" decoding=\"async\" width=\"1280\" height=\"858\" src=\"https:\/\/archive.sana.sy\/tr\/wp-content\/uploads\/2025\/07\/photo_2025-07-26_23-06-58.jpg\" class=\"attachment-full size-full\" alt=\"\" srcset=\"https:\/\/archive.sana.sy\/tr\/wp-content\/uploads\/2025\/07\/photo_2025-07-26_23-06-58.jpg 1280w, https:\/\/archive.sana.sy\/tr\/wp-content\/uploads\/2025\/07\/photo_2025-07-26_23-06-58-300x201.jpg 300w, https:\/\/archive.sana.sy\/tr\/wp-content\/uploads\/2025\/07\/photo_2025-07-26_23-06-58-1024x686.jpg 1024w, https:\/\/archive.sana.sy\/tr\/wp-content\/uploads\/2025\/07\/photo_2025-07-26_23-06-58-768x515.jpg 768w, https:\/\/archive.sana.sy\/tr\/wp-content\/uploads\/2025\/07\/photo_2025-07-26_23-06-58-110x75.jpg 110w\" sizes=\"auto, (max-width: 1280px) 100vw, 1280px\" \/><\/a>\n\t\t\t<\/div><\/figure>\n\t\t<\/div>\n\n","protected":false},"excerpt":{"rendered":"","protected":false},"author":41,"featured_media":326535,"comment_status":"closed","ping_status":"closed","sticky":false,"template":"","format":"standard","meta":{"footnotes":""},"categories":[458,596,459,17988],"tags":[],"class_list":["post-326533","post","type-post","status-publish","format-standard","has-post-thumbnail","","category-dunya1","category-fotografli-raporlar","category-haberler-arap-uluslararasi-politika","category-son-haberler"],"_links":{"self":[{"href":"https:\/\/archive.sana.sy\/tr\/index.php?rest_route=\/wp\/v2\/posts\/326533","targetHints":{"allow":["GET"]}}],"collection":[{"href":"https:\/\/archive.sana.sy\/tr\/index.php?rest_route=\/wp\/v2\/posts"}],"about":[{"href":"https:\/\/archive.sana.sy\/tr\/index.php?rest_route=\/wp\/v2\/types\/post"}],"author":[{"embeddable":true,"href":"https:\/\/archive.sana.sy\/tr\/index.php?rest_route=\/wp\/v2\/users\/41"}],"replies":[{"embeddable":true,"href":"https:\/\/archive.sana.sy\/tr\/index.php?rest_route=%2Fwp%2Fv2%2Fcomments&post=326533"}],"version-history":[{"count":1,"href":"https:\/\/archive.sana.sy\/tr\/index.php?rest_route=\/wp\/v2\/posts\/326533\/revisions"}],"predecessor-version":[{"id":326540,"href":"https:\/\/archive.sana.sy\/tr\/index.php?rest_route=\/wp\/v2\/posts\/326533\/revisions\/326540"}],"wp:featuredmedia":[{"embeddable":true,"href":"https:\/\/archive.sana.sy\/tr\/index.php?rest_route=\/wp\/v2\/media\/326535"}],"wp:attachment":[{"href":"https:\/\/archive.sana.sy\/tr\/index.php?rest_route=%2Fwp%2Fv2%2Fmedia&parent=326533"}],"wp:term":[{"taxonomy":"category","embeddable":true,"href":"https:\/\/archive.sana.sy\/tr\/index.php?rest_route=%2Fwp%2Fv2%2Fcategories&post=326533"},{"taxonomy":"post_tag","embeddable":true,"href":"https:\/\/archive.sana.sy\/tr\/index.php?rest_route=%2Fwp%2Fv2%2Ftags&post=326533"}],"curies":[{"name":"wp","href":"https:\/\/api.w.org\/{rel}","templated":true}]}}