{"id":326551,"date":"2025-07-27T11:21:09","date_gmt":"2025-07-27T08:21:09","guid":{"rendered":"https:\/\/sana.sy\/tr\/?p=326551"},"modified":"2025-07-27T11:21:09","modified_gmt":"2025-07-27T08:21:09","slug":"witkov-suriyedeki-durum-cozume-dogru-gidiyor","status":"publish","type":"post","link":"https:\/\/archive.sana.sy\/tr\/?p=326551","title":{"rendered":"Witkov: Suriye&#8217;deki Durum \u00c7\u00f6z\u00fcme Do\u011fru Gidiyor"},"content":{"rendered":"<p style=\"text-align: justify;\"><span style=\"color: #ff0000;\"><strong>VA\u015eINGTON\u00a0(SANA) &#8211;<\/strong> <\/span>ABD&#8217;nin Ortado\u011fu \u00d6zel Temsilcisi Steve Witkov, Suriye&#8217;deki duruma ili\u015fkin iyimserli\u011fini dile getirerek, &#8220;bir \u00e7\u00f6z\u00fcme&#8221; do\u011fru ilerledi\u011fine i\u015faret etti.<\/p>\n<p style=\"text-align: justify;\">ABD&#8217;li el\u00e7i, bug\u00fcn yay\u0131nlanan Amerikan televizyon kanal\u0131 Fox News&#8217;e verdi\u011fi r\u00f6portajda, &#8220;Suriye&#8217;de son d\u00f6nemde gerginlik ya\u015fan\u0131yor, ancak konu \u00e7\u00f6z\u00fcme do\u011fru gidiyor&#8221; dedi.<\/p>\n<p style=\"text-align: justify;\">R\u00f6portajda Suriye ile ilgili uluslararas\u0131 ve Arap meselelerindeki geli\u015fmeleri ele alan Witkov, ABD Ba\u015fkan\u0131 Donald Trump&#8217;\u0131n g\u00f6rev s\u00fcresi dolmadan Ortado\u011fu&#8217;da uzun vadeli bar\u0131\u015fa ula\u015fmay\u0131 umdu\u011funu s\u00f6yledi.<\/p>\n","protected":false},"excerpt":{"rendered":"<p>VA\u015eINGTON\u00a0(SANA) &#8211; ABD&#8217;nin Ortado\u011fu \u00d6zel Temsilcisi Steve Witkov, Suriye&#8217;deki duruma ili\u015fkin iyimserli\u011fini dile getirerek, &#8220;bir \u00e7\u00f6z\u00fcme&#8221; do\u011fru ilerledi\u011fine i\u015faret etti. ABD&#8217;li el\u00e7i, bug\u00fcn yay\u0131nlanan Amerikan televizyon kanal\u0131 Fox News&#8217;e verdi\u011fi r\u00f6portajda, &#8220;Suriye&#8217;de son d\u00f6nemde gerginlik ya\u015fan\u0131yor, ancak konu \u00e7\u00f6z\u00fcme do\u011fru gidiyor&#8221; dedi. R\u00f6portajda Suriye ile ilgili uluslararas\u0131 ve Arap meselelerindeki geli\u015fmeleri ele alan Witkov, ABD &hellip;<\/p>\n","protected":false},"author":36,"featured_media":326552,"comment_status":"closed","ping_status":"closed","sticky":false,"template":"","format":"standard","meta":{"footnotes":""},"categories":[458,589,459,17988],"tags":[],"class_list":["post-326551","post","type-post","status-publish","format-standard","has-post-thumbnail","","category-dunya1","category-haber-seridi","category-haberler-arap-uluslararasi-politika","category-son-haberler"],"_links":{"self":[{"href":"https:\/\/archive.sana.sy\/tr\/index.php?rest_route=\/wp\/v2\/posts\/326551","targetHints":{"allow":["GET"]}}],"collection":[{"href":"https:\/\/archive.sana.sy\/tr\/index.php?rest_route=\/wp\/v2\/posts"}],"about":[{"href":"https:\/\/archive.sana.sy\/tr\/index.php?rest_route=\/wp\/v2\/types\/post"}],"author":[{"embeddable":true,"href":"https:\/\/archive.sana.sy\/tr\/index.php?rest_route=\/wp\/v2\/users\/36"}],"replies":[{"embeddable":true,"href":"https:\/\/archive.sana.sy\/tr\/index.php?rest_route=%2Fwp%2Fv2%2Fcomments&post=326551"}],"version-history":[{"count":1,"href":"https:\/\/archive.sana.sy\/tr\/index.php?rest_route=\/wp\/v2\/posts\/326551\/revisions"}],"predecessor-version":[{"id":326553,"href":"https:\/\/archive.sana.sy\/tr\/index.php?rest_route=\/wp\/v2\/posts\/326551\/revisions\/326553"}],"wp:featuredmedia":[{"embeddable":true,"href":"https:\/\/archive.sana.sy\/tr\/index.php?rest_route=\/wp\/v2\/media\/326552"}],"wp:attachment":[{"href":"https:\/\/archive.sana.sy\/tr\/index.php?rest_route=%2Fwp%2Fv2%2Fmedia&parent=326551"}],"wp:term":[{"taxonomy":"category","embeddable":true,"href":"https:\/\/archive.sana.sy\/tr\/index.php?rest_route=%2Fwp%2Fv2%2Fcategories&post=326551"},{"taxonomy":"post_tag","embeddable":true,"href":"https:\/\/archive.sana.sy\/tr\/index.php?rest_route=%2Fwp%2Fv2%2Ftags&post=326551"}],"curies":[{"name":"wp","href":"https:\/\/api.w.org\/{rel}","templated":true}]}}