{"id":326554,"date":"2025-07-27T11:56:03","date_gmt":"2025-07-27T08:56:03","guid":{"rendered":"https:\/\/sana.sy\/tr\/?p=326554"},"modified":"2025-07-27T11:56:03","modified_gmt":"2025-07-27T08:56:03","slug":"bm-heyeti-suveyda-kirsalindaki-yerinden-edilmis-kisilerin-durumunu-gorusmek-uzere-dera-valisi-ile-bir-araya-geldi","status":"publish","type":"post","link":"https:\/\/archive.sana.sy\/tr\/?p=326554","title":{"rendered":"BM Heyeti, S\u00fcveyda K\u0131rsal\u0131ndaki Yerinden Edilmi\u015f Ki\u015filerin Durumunu G\u00f6r\u00fc\u015fmek \u00dczere Dera Valisi \u0130le Bir Araya Geldi"},"content":{"rendered":"<p style=\"text-align: justify;\"><span style=\"color: #ff0000;\"><strong>DREA (SANA) &#8211;<\/strong> <\/span>Dera Valisi Enver El Zubi, S\u00fcveyda Vilayeti k\u0131rsal\u0131nda zorla yerinden edilen ki\u015filerin k\u00f6t\u00fcle\u015fen insani durumunu de\u011ferlendirmek ve krize h\u0131zl\u0131 yan\u0131t verme yollar\u0131n\u0131 ara\u015ft\u0131rmak \u00fczere bug\u00fcn \u00e7e\u015fitli uluslararas\u0131 insani yard\u0131m kurulu\u015flar\u0131n\u0131n temsilcileriyle bir toplant\u0131 ger\u00e7ekle\u015ftirdi.<\/p>\n<p style=\"text-align: justify;\"><img loading=\"lazy\" decoding=\"async\" class=\"size-medium wp-image-326556 alignright\" src=\"http:\/\/sana.sy\/tr\/wp-content\/uploads\/2025\/07\/2-5-300x160.png\" alt=\"\" width=\"300\" height=\"160\" srcset=\"https:\/\/archive.sana.sy\/tr\/wp-content\/uploads\/2025\/07\/2-5-300x160.png 300w, https:\/\/archive.sana.sy\/tr\/wp-content\/uploads\/2025\/07\/2-5-310x165.png 310w, https:\/\/archive.sana.sy\/tr\/wp-content\/uploads\/2025\/07\/2-5.png 750w\" sizes=\"auto, (max-width: 300px) 100vw, 300px\" \/>Toplant\u0131da, bar\u0131nma, g\u0131da ve sa\u011fl\u0131k hizmetleri gibi temel ihtiya\u00e7lar\u0131n sa\u011flanmas\u0131 i\u00e7in acil m\u00fcdahale \u00f6ncelikleri ele al\u0131nd\u0131 ve etkilenen ailelerin ac\u0131lar\u0131n\u0131 hafifletmek ve ev sahibi topluluklar\u0131n destekleme ve \u00f6z\u00fcmseme kapasitesini art\u0131rmak i\u00e7in uzun vadeli stratejik planlar g\u00f6zden ge\u00e7irildi.<\/p>\n<p style=\"text-align: justify;\">Pratik bir ad\u0131m olarak, Dera Valili\u011fi, yerinden edilmi\u015f ki\u015filerin durumunu izlemek ve uluslararas\u0131 insani standartlara uygun olarak gerekli deste\u011fin sa\u011flanmas\u0131n\u0131 temin etmek amac\u0131yla, ilgili yerel ve uluslararas\u0131 makamlarla i\u015fbirli\u011fi i\u00e7inde \u00f6zel bir acil durum komitesi kuruldu\u011funu ilan etti.<\/p>\n<p style=\"text-align: justify;\">\n","protected":false},"excerpt":{"rendered":"<p>DREA (SANA) &#8211; Dera Valisi Enver El Zubi, S\u00fcveyda Vilayeti k\u0131rsal\u0131nda zorla yerinden edilen ki\u015filerin k\u00f6t\u00fcle\u015fen insani durumunu de\u011ferlendirmek ve krize h\u0131zl\u0131 yan\u0131t verme yollar\u0131n\u0131 ara\u015ft\u0131rmak \u00fczere bug\u00fcn \u00e7e\u015fitli uluslararas\u0131 insani yard\u0131m kurulu\u015flar\u0131n\u0131n temsilcileriyle bir toplant\u0131 ger\u00e7ekle\u015ftirdi. Toplant\u0131da, bar\u0131nma, g\u0131da ve sa\u011fl\u0131k hizmetleri gibi temel ihtiya\u00e7lar\u0131n sa\u011flanmas\u0131 i\u00e7in acil m\u00fcdahale \u00f6ncelikleri ele al\u0131nd\u0131 ve etkilenen &hellip;<\/p>\n","protected":false},"author":36,"featured_media":326555,"comment_status":"closed","ping_status":"closed","sticky":false,"template":"","format":"standard","meta":{"footnotes":""},"categories":[589,479,17988,478],"tags":[],"class_list":["post-326554","post","type-post","status-publish","format-standard","has-post-thumbnail","","category-haber-seridi","category-haberler-yerel","category-son-haberler","category-yerel"],"_links":{"self":[{"href":"https:\/\/archive.sana.sy\/tr\/index.php?rest_route=\/wp\/v2\/posts\/326554","targetHints":{"allow":["GET"]}}],"collection":[{"href":"https:\/\/archive.sana.sy\/tr\/index.php?rest_route=\/wp\/v2\/posts"}],"about":[{"href":"https:\/\/archive.sana.sy\/tr\/index.php?rest_route=\/wp\/v2\/types\/post"}],"author":[{"embeddable":true,"href":"https:\/\/archive.sana.sy\/tr\/index.php?rest_route=\/wp\/v2\/users\/36"}],"replies":[{"embeddable":true,"href":"https:\/\/archive.sana.sy\/tr\/index.php?rest_route=%2Fwp%2Fv2%2Fcomments&post=326554"}],"version-history":[{"count":1,"href":"https:\/\/archive.sana.sy\/tr\/index.php?rest_route=\/wp\/v2\/posts\/326554\/revisions"}],"predecessor-version":[{"id":326557,"href":"https:\/\/archive.sana.sy\/tr\/index.php?rest_route=\/wp\/v2\/posts\/326554\/revisions\/326557"}],"wp:featuredmedia":[{"embeddable":true,"href":"https:\/\/archive.sana.sy\/tr\/index.php?rest_route=\/wp\/v2\/media\/326555"}],"wp:attachment":[{"href":"https:\/\/archive.sana.sy\/tr\/index.php?rest_route=%2Fwp%2Fv2%2Fmedia&parent=326554"}],"wp:term":[{"taxonomy":"category","embeddable":true,"href":"https:\/\/archive.sana.sy\/tr\/index.php?rest_route=%2Fwp%2Fv2%2Fcategories&post=326554"},{"taxonomy":"post_tag","embeddable":true,"href":"https:\/\/archive.sana.sy\/tr\/index.php?rest_route=%2Fwp%2Fv2%2Ftags&post=326554"}],"curies":[{"name":"wp","href":"https:\/\/api.w.org\/{rel}","templated":true}]}}