{"id":326558,"date":"2025-07-27T12:48:33","date_gmt":"2025-07-27T09:48:33","guid":{"rendered":"https:\/\/sana.sy\/tr\/?p=326558"},"modified":"2025-07-27T14:53:55","modified_gmt":"2025-07-27T11:53:55","slug":"suriye-ve-suudi-arabistan-enerji-bakanliklari-arasinda-riyadda-yonetisim-uzerine-bir-calistay-duzenlendi","status":"publish","type":"post","link":"https:\/\/archive.sana.sy\/tr\/?p=326558","title":{"rendered":"Suriye ve Suudi Arabistan Enerji Bakanl\u0131klar\u0131 Aras\u0131nda Riyad&#8217;da Y\u00f6neti\u015fim \u00dczerine Bir \u00c7al\u0131\u015ftay D\u00fczenlendi"},"content":{"rendered":"<p style=\"text-align: justify;\"><span style=\"color: #ff0000;\"><strong>R\u0130YAD (SANA) &#8211;<\/strong> <\/span>Suudi Arabistan Enerji Bakanl\u0131\u011f\u0131, bug\u00fcn Suriye Enerji Bakan\u0131 M\u00fch. Muhammed El Be\u015fir ba\u015fkanl\u0131\u011f\u0131nda, petrol, elektrik ve su kaynaklar\u0131ndan sorumlu yard\u0131mc\u0131lar\u0131n\u0131n da kat\u0131l\u0131m\u0131yla y\u00f6neti\u015fim konusunda \u00f6zel bir \u00e7al\u0131\u015ftay d\u00fczenledi.<\/p>\n<p style=\"text-align: justify;\"><img loading=\"lazy\" decoding=\"async\" class=\"size-medium wp-image-326562 alignright\" src=\"http:\/\/sana.sy\/tr\/wp-content\/uploads\/2025\/07\/1-26-300x200.jpg\" alt=\"\" width=\"300\" height=\"200\" srcset=\"https:\/\/archive.sana.sy\/tr\/wp-content\/uploads\/2025\/07\/1-26-300x200.jpg 300w, https:\/\/archive.sana.sy\/tr\/wp-content\/uploads\/2025\/07\/1-26.jpg 660w\" sizes=\"auto, (max-width: 300px) 100vw, 300px\" \/>\u00c7al\u0131\u015ftaya Suudi Arabistan taraf\u0131ndan Elektrik \u0130\u015fleri Bakan Yard\u0131mc\u0131s\u0131 Nas\u0131r bin Hadi El Kahtani, Petrol ve Gaz \u0130\u015fleri Bakan Yard\u0131mc\u0131s\u0131\u00a0 Muhammed bin Abdurrahman El \u0130brahim ve Kalk\u0131nma ve M\u00fckemmellik \u0130\u015fleri Bakan Yard\u0131mc\u0131s\u0131 Ahmed bin Musa El Zahrani ile Suudi Enerji Bakanl\u0131\u011f\u0131&#8217;ndan \u00e7ok say\u0131da \u00fcst d\u00fczey yetkili kat\u0131ld\u0131.<\/p>\n<p style=\"text-align: justify;\">\u00c7al\u0131\u015ftayda, Suudi Arabistan Enerji Bakanl\u0131\u011f\u0131&#8217;n\u0131n y\u00f6netim ve kurumsal geli\u015fim alan\u0131ndaki planlar\u0131 ve deneyimleri g\u00f6zden ge\u00e7irildi ve \u00f6zellikle Suriye&#8217;deki enerji sekt\u00f6r\u00fcn\u00fc desteklemek \u00fczere ba\u015far\u0131l\u0131 deneyim ve \u00e7\u00f6z\u00fcmlerin aktar\u0131lmas\u0131 konusunda Suriye taraf\u0131yla olas\u0131 i\u015fbirli\u011fi olanaklar\u0131 ele al\u0131nd\u0131.<\/p>\n<p style=\"text-align: justify;\">\u00c7al\u0131\u015ftayda ayr\u0131ca, Suudi Arabistan Enerji Bakanl\u0131\u011f\u0131&#8217;n\u0131n zorluklar\u0131n \u00fcstesinden gelmede ba\u015far\u0131l\u0131 bir model olarak deneyimi ortaya konuldu ve iki taraf aras\u0131ndaki ikili i\u015f birli\u011fi i\u00e7in \u00f6nemli bir referans te\u015fkil eden y\u00f6netim ve kalk\u0131nma stratejileri vurguland\u0131.<\/p>\n<div id='gallery-1' class='gallery galleryid-326558 gallery-columns-3 gallery-size-full'><figure class='gallery-item'>\n\t\t\t<div class='gallery-icon landscape'>\n\t\t\t\t<a href='https:\/\/archive.sana.sy\/tr\/wp-content\/uploads\/2025\/07\/IMG_0931.jpg'><img loading=\"lazy\" decoding=\"async\" width=\"660\" height=\"440\" src=\"https:\/\/archive.sana.sy\/tr\/wp-content\/uploads\/2025\/07\/IMG_0931.jpg\" class=\"attachment-full size-full\" alt=\"\" srcset=\"https:\/\/archive.sana.sy\/tr\/wp-content\/uploads\/2025\/07\/IMG_0931.jpg 660w, https:\/\/archive.sana.sy\/tr\/wp-content\/uploads\/2025\/07\/IMG_0931-300x200.jpg 300w\" sizes=\"auto, (max-width: 660px) 100vw, 660px\" \/><\/a>\n\t\t\t<\/div><\/figure><figure class='gallery-item'>\n\t\t\t<div class='gallery-icon landscape'>\n\t\t\t\t<a href='https:\/\/archive.sana.sy\/tr\/wp-content\/uploads\/2025\/07\/IMG_0950.jpg'><img loading=\"lazy\" decoding=\"async\" width=\"660\" height=\"440\" src=\"https:\/\/archive.sana.sy\/tr\/wp-content\/uploads\/2025\/07\/IMG_0950.jpg\" class=\"attachment-full size-full\" alt=\"\" srcset=\"https:\/\/archive.sana.sy\/tr\/wp-content\/uploads\/2025\/07\/IMG_0950.jpg 660w, https:\/\/archive.sana.sy\/tr\/wp-content\/uploads\/2025\/07\/IMG_0950-300x200.jpg 300w\" sizes=\"auto, (max-width: 660px) 100vw, 660px\" \/><\/a>\n\t\t\t<\/div><\/figure><figure class='gallery-item'>\n\t\t\t<div class='gallery-icon landscape'>\n\t\t\t\t<a href='https:\/\/archive.sana.sy\/tr\/wp-content\/uploads\/2025\/07\/IMG_0992.jpg'><img loading=\"lazy\" decoding=\"async\" width=\"660\" height=\"440\" src=\"https:\/\/archive.sana.sy\/tr\/wp-content\/uploads\/2025\/07\/IMG_0992.jpg\" class=\"attachment-full size-full\" alt=\"\" srcset=\"https:\/\/archive.sana.sy\/tr\/wp-content\/uploads\/2025\/07\/IMG_0992.jpg 660w, https:\/\/archive.sana.sy\/tr\/wp-content\/uploads\/2025\/07\/IMG_0992-300x200.jpg 300w\" sizes=\"auto, (max-width: 660px) 100vw, 660px\" \/><\/a>\n\t\t\t<\/div><\/figure>\n\t\t<\/div>\n\n","protected":false},"excerpt":{"rendered":"<p>R\u0130YAD (SANA) &#8211; Suudi Arabistan Enerji Bakanl\u0131\u011f\u0131, bug\u00fcn Suriye Enerji Bakan\u0131 M\u00fch. Muhammed El Be\u015fir ba\u015fkanl\u0131\u011f\u0131nda, petrol, elektrik ve su kaynaklar\u0131ndan sorumlu yard\u0131mc\u0131lar\u0131n\u0131n da kat\u0131l\u0131m\u0131yla y\u00f6neti\u015fim konusunda \u00f6zel bir \u00e7al\u0131\u015ftay d\u00fczenledi. \u00c7al\u0131\u015ftaya Suudi Arabistan taraf\u0131ndan Elektrik \u0130\u015fleri Bakan Yard\u0131mc\u0131s\u0131 Nas\u0131r bin Hadi El Kahtani, Petrol ve Gaz \u0130\u015fleri Bakan Yard\u0131mc\u0131s\u0131\u00a0 Muhammed bin Abdurrahman El \u0130brahim &hellip;<\/p>\n","protected":false},"author":36,"featured_media":326563,"comment_status":"closed","ping_status":"closed","sticky":false,"template":"","format":"standard","meta":{"footnotes":""},"categories":[458,589,459,17988],"tags":[],"class_list":["post-326558","post","type-post","status-publish","format-standard","has-post-thumbnail","","category-dunya1","category-haber-seridi","category-haberler-arap-uluslararasi-politika","category-son-haberler"],"_links":{"self":[{"href":"https:\/\/archive.sana.sy\/tr\/index.php?rest_route=\/wp\/v2\/posts\/326558","targetHints":{"allow":["GET"]}}],"collection":[{"href":"https:\/\/archive.sana.sy\/tr\/index.php?rest_route=\/wp\/v2\/posts"}],"about":[{"href":"https:\/\/archive.sana.sy\/tr\/index.php?rest_route=\/wp\/v2\/types\/post"}],"author":[{"embeddable":true,"href":"https:\/\/archive.sana.sy\/tr\/index.php?rest_route=\/wp\/v2\/users\/36"}],"replies":[{"embeddable":true,"href":"https:\/\/archive.sana.sy\/tr\/index.php?rest_route=%2Fwp%2Fv2%2Fcomments&post=326558"}],"version-history":[{"count":3,"href":"https:\/\/archive.sana.sy\/tr\/index.php?rest_route=\/wp\/v2\/posts\/326558\/revisions"}],"predecessor-version":[{"id":326567,"href":"https:\/\/archive.sana.sy\/tr\/index.php?rest_route=\/wp\/v2\/posts\/326558\/revisions\/326567"}],"wp:featuredmedia":[{"embeddable":true,"href":"https:\/\/archive.sana.sy\/tr\/index.php?rest_route=\/wp\/v2\/media\/326563"}],"wp:attachment":[{"href":"https:\/\/archive.sana.sy\/tr\/index.php?rest_route=%2Fwp%2Fv2%2Fmedia&parent=326558"}],"wp:term":[{"taxonomy":"category","embeddable":true,"href":"https:\/\/archive.sana.sy\/tr\/index.php?rest_route=%2Fwp%2Fv2%2Fcategories&post=326558"},{"taxonomy":"post_tag","embeddable":true,"href":"https:\/\/archive.sana.sy\/tr\/index.php?rest_route=%2Fwp%2Fv2%2Ftags&post=326558"}],"curies":[{"name":"wp","href":"https:\/\/api.w.org\/{rel}","templated":true}]}}