{"id":326569,"date":"2025-07-27T18:38:00","date_gmt":"2025-07-27T15:38:00","guid":{"rendered":"https:\/\/sana.sy\/tr\/?p=326569"},"modified":"2025-07-27T18:40:22","modified_gmt":"2025-07-27T15:40:22","slug":"bm-heyeti-busra-el-samdaki-barinma-merkezlerini-inceledi-ve-insani-destek-sozu-verdi","status":"publish","type":"post","link":"https:\/\/archive.sana.sy\/tr\/?p=326569","title":{"rendered":"BM Heyeti, Busra El \u015eam\u2019daki Bar\u0131nma Merkezlerini \u0130nceledi ve \u0130nsani Destek S\u00f6z\u00fc Verdi"},"content":{"rendered":"<p style=\"text-align: justify;\"><strong><span style=\"color: #ff0000;\">DERA (SANA)<\/span> &#8211; <\/strong>\u00a0Birle\u015fmi\u015f Milletler\u2019den bir heyet bug\u00fcn Busra El \u015eam \u015fehri ve \u00e7evresindeki k\u00f6ylerdeki bar\u0131nma merkezlerini ziyaret etti. Heyet, b\u00f6lgeyi etkileyen son olaylar\u0131n ard\u0131ndan bu merkezlerde ya\u015fayan yerle\u015fik ailelerle g\u00f6r\u00fc\u015ft\u00fc. Ziyaret s\u0131ras\u0131nda insani ko\u015fullar\u0131n zorlu\u011funa tan\u0131k olan heyet, ma\u011fdur ailelerin taleplerini do\u011frudan dinledi.<\/p>\n<p style=\"text-align: justify;\">Busra El \u015eam B\u00f6lge M\u00fcd\u00fcr\u00fc Nassar Tabi\u015fi, heyete merkezlerin genel durumu hakk\u0131nda detayl\u0131 bilgi verdi. \u00d6zellikle sa\u011fl\u0131k ve g\u0131da malzemeleri ile hijyen \u00fcr\u00fcnlerinin acilen takviye edilmesi gerekti\u011fine vurgu yapt\u0131. Bu malzemelerin hastal\u0131klar\u0131n yay\u0131lmas\u0131n\u0131 \u00f6nlemede ilk savunma hatt\u0131 oldu\u011funu belirtti. Ayr\u0131ca, gelenlere her g\u00fcn kahvalt\u0131 ve \u00f6\u011fle yeme\u011fi sa\u011flanmas\u0131nda yerel toplumun kritik rol\u00fcne dikkat \u00e7ekti.<\/p>\n<p style=\"text-align: justify;\"><span style=\"color: #0000ff;\"><strong>Temel Malzeme Eksikli\u011fi ve Alternatif Plan<\/strong><\/span><\/p>\n<p style=\"text-align: justify;\">Tabi\u015fi, battaniye, yatak tak\u0131m\u0131 ve i\u00e7me suyu s\u0131k\u0131nt\u0131s\u0131n\u0131n yan\u0131 s\u0131ra pi\u015firme malzemeleri ve gaz yak\u0131t\u0131n\u0131n da eksik oldu\u011funu belirtti. Bu durumun ailelerin bar\u0131nma merkezlerindeki s\u0131k\u0131nt\u0131lar\u0131n\u0131 art\u0131rd\u0131\u011f\u0131n\u0131 vurgulad\u0131. Ayr\u0131ca, gelenlerin kay\u0131p kimlik belgelerinin \u00e7\u0131kar\u0131lmas\u0131n\u0131n \u00f6nemine de\u011findi ve krizin devam etmesi halinde \u00f6zel bir kamp kurulmas\u0131 i\u00e7in alternatif bir plan haz\u0131rland\u0131\u011f\u0131n\u0131 bildirdi. Bu plan, yeni e\u011fitim y\u0131l\u0131n\u0131n yakla\u015fmas\u0131 ve okullar\u0131n e\u011fitim faaliyetlerine yeniden a\u00e7\u0131lmas\u0131 i\u00e7in bo\u015falt\u0131lmas\u0131n\u0131n gereklili\u011fi g\u00f6z \u00f6n\u00fcnde bulundurularak haz\u0131rland\u0131.<\/p>\n<p style=\"text-align: justify;\">D\u00fcrzilerin durumu hakk\u0131nda bilgi veren Tabi\u015fi, Busra\u2019da sadece d\u00f6rt ailenin kald\u0131\u011f\u0131n\u0131, di\u011ferlerinin talepleri do\u011frultusunda S\u00fcveyde ve Cermana\u2019ya geri g\u00f6nderildi\u011fini ifade etti. \u00c7ocuklar, kad\u0131nlar ve ya\u015fl\u0131lar i\u00e7in s\u00fct, hijyenik pedler, hareket yard\u0131mc\u0131lar\u0131 ve y\u0131kama malzemeleri gibi \u00f6zel ihtiya\u00e7lar\u0131n kar\u015f\u0131lanmas\u0131 talebinde bulundu.<\/p>\n<p style=\"text-align: justify;\"><span style=\"color: #0000ff;\"><strong>Saha Sa\u011fl\u0131k Takibi\u2026 \u0130nsani M\u00fcdafaan\u0131n \u0130lk Hatt\u0131<\/strong><\/span><\/p>\n<p style=\"text-align: justify;\">B\u00f6lge Sa\u011fl\u0131k M\u00fcd\u00fcr\u00fc Dr. Yahya El Ali, dokuz sa\u011fl\u0131k merkezi ve Busra Ulusal Hastanesi arac\u0131l\u0131\u011f\u0131yla g\u00fcnl\u00fck sa\u011fl\u0131k hizmetlerinin devam etti\u011fini belirtti. Kalp, diyabet ve hipertansiyon hastalar\u0131 i\u00e7in acil ve kronik ila\u00e7 temininin sa\u011fland\u0131\u011f\u0131n\u0131 s\u00f6yledi. Sa\u011fl\u0131k m\u00fcd\u00fcrl\u00fc\u011f\u00fc ve ilgili organizasyonlar\u0131n denetiminde mobil sa\u011fl\u0131k ekiplerinin faaliyet g\u00f6sterdi\u011fini, b\u00f6ylece gelenlerin genel sa\u011fl\u0131k g\u00fcvenli\u011finin korunmaya \u00e7al\u0131\u015f\u0131ld\u0131\u011f\u0131n\u0131 ifade etti.<\/p>\n<p style=\"text-align: justify;\"><span style=\"color: #0000ff;\"><strong>BM\u2019den Destek ve Engellerin A\u015f\u0131lmas\u0131 S\u00f6z\u00fc<\/strong><\/span><\/p>\n<p style=\"text-align: justify;\">BM heyeti \u00fcyeleri, mevcut engellerin a\u015f\u0131lmas\u0131 ve ihtiya\u00e7 sahiplerine yard\u0131mlar\u0131n h\u0131zl\u0131 ve d\u00fczenli ula\u015ft\u0131r\u0131lmas\u0131 i\u00e7in insani akt\u00f6rlerle koordineli olarak gerekli t\u00fcm kolayl\u0131klar\u0131n sa\u011flanaca\u011f\u0131n\u0131 taahh\u00fct etti.<\/p>\n<p style=\"text-align: justify;\">Hat\u0131rlanaca\u011f\u0131 \u00fczere, Busra El \u015eam\u2019a gelen aile say\u0131s\u0131 500\u2019\u00fc a\u015fmakta olup, bu aileler okullar ve \u015fehrin \u00e7evresinde kurulan kamplarda, asgari insani ya\u015fam ko\u015fullar\u0131ndan yoksun \u015fartlar alt\u0131nda bar\u0131nmaktad\u0131rlar.<\/p>\n","protected":false},"excerpt":{"rendered":"<p>DERA (SANA) &#8211; \u00a0Birle\u015fmi\u015f Milletler\u2019den bir heyet bug\u00fcn Busra El \u015eam \u015fehri ve \u00e7evresindeki k\u00f6ylerdeki bar\u0131nma merkezlerini ziyaret etti. Heyet, b\u00f6lgeyi etkileyen son olaylar\u0131n ard\u0131ndan bu merkezlerde ya\u015fayan yerle\u015fik ailelerle g\u00f6r\u00fc\u015ft\u00fc. Ziyaret s\u0131ras\u0131nda insani ko\u015fullar\u0131n zorlu\u011funa tan\u0131k olan heyet, ma\u011fdur ailelerin taleplerini do\u011frudan dinledi. Busra El \u015eam B\u00f6lge M\u00fcd\u00fcr\u00fc Nassar Tabi\u015fi, heyete merkezlerin genel durumu &hellip;<\/p>\n","protected":false},"author":41,"featured_media":326570,"comment_status":"closed","ping_status":"closed","sticky":false,"template":"","format":"standard","meta":{"footnotes":""},"categories":[589,479,17988,478],"tags":[],"class_list":["post-326569","post","type-post","status-publish","format-standard","has-post-thumbnail","","category-haber-seridi","category-haberler-yerel","category-son-haberler","category-yerel"],"_links":{"self":[{"href":"https:\/\/archive.sana.sy\/tr\/index.php?rest_route=\/wp\/v2\/posts\/326569","targetHints":{"allow":["GET"]}}],"collection":[{"href":"https:\/\/archive.sana.sy\/tr\/index.php?rest_route=\/wp\/v2\/posts"}],"about":[{"href":"https:\/\/archive.sana.sy\/tr\/index.php?rest_route=\/wp\/v2\/types\/post"}],"author":[{"embeddable":true,"href":"https:\/\/archive.sana.sy\/tr\/index.php?rest_route=\/wp\/v2\/users\/41"}],"replies":[{"embeddable":true,"href":"https:\/\/archive.sana.sy\/tr\/index.php?rest_route=%2Fwp%2Fv2%2Fcomments&post=326569"}],"version-history":[{"count":2,"href":"https:\/\/archive.sana.sy\/tr\/index.php?rest_route=\/wp\/v2\/posts\/326569\/revisions"}],"predecessor-version":[{"id":326572,"href":"https:\/\/archive.sana.sy\/tr\/index.php?rest_route=\/wp\/v2\/posts\/326569\/revisions\/326572"}],"wp:featuredmedia":[{"embeddable":true,"href":"https:\/\/archive.sana.sy\/tr\/index.php?rest_route=\/wp\/v2\/media\/326570"}],"wp:attachment":[{"href":"https:\/\/archive.sana.sy\/tr\/index.php?rest_route=%2Fwp%2Fv2%2Fmedia&parent=326569"}],"wp:term":[{"taxonomy":"category","embeddable":true,"href":"https:\/\/archive.sana.sy\/tr\/index.php?rest_route=%2Fwp%2Fv2%2Fcategories&post=326569"},{"taxonomy":"post_tag","embeddable":true,"href":"https:\/\/archive.sana.sy\/tr\/index.php?rest_route=%2Fwp%2Fv2%2Ftags&post=326569"}],"curies":[{"name":"wp","href":"https:\/\/api.w.org\/{rel}","templated":true}]}}