{"id":326573,"date":"2025-07-27T18:47:14","date_gmt":"2025-07-27T15:47:14","guid":{"rendered":"https:\/\/sana.sy\/tr\/?p=326573"},"modified":"2025-07-27T18:47:43","modified_gmt":"2025-07-27T15:47:43","slug":"suriye-ticaret-odalari-federasyonu-ile-alman-giz-ajansi-arasinda-is-birligi-gorusmeleri-gerceklestirildi","status":"publish","type":"post","link":"https:\/\/archive.sana.sy\/tr\/?p=326573","title":{"rendered":"Suriye Ticaret Odalar\u0131 Federasyonu ile Alman GIZ Ajans\u0131 Aras\u0131nda \u0130\u015f Birli\u011fi G\u00f6r\u00fc\u015fmeleri Ger\u00e7ekle\u015ftirildi"},"content":{"rendered":"<p style=\"text-align: justify;\"><span style=\"color: #ff0000;\"><strong>\u015eAM (SANA)<\/strong> <\/span>\u2013 Suriye Ticaret Odalar\u0131 Federasyonu Ba\u015fkan\u0131 Alaa \u00d6mer El-Ali, Julia Becker ba\u015fkanl\u0131\u011f\u0131ndaki Alman Uluslararas\u0131 \u0130\u015f Birli\u011fi Ajans\u0131 (GIZ) heyetiyle iki taraf aras\u0131ndaki i\u015f birli\u011finin geli\u015ftirilmesi i\u00e7in yollar ve mekanizmalar <img loading=\"lazy\" decoding=\"async\" class=\"size-full wp-image-326576 alignright\" src=\"http:\/\/sana.sy\/tr\/wp-content\/uploads\/2025\/07\/IMG_4327-300x200-1.jpg\" alt=\"\" width=\"300\" height=\"200\" \/>\u00fczerinde g\u00f6r\u00fc\u015fmelerde bulundu.<\/p>\n<p style=\"text-align: justify;\">Bug\u00fcn \u015eam\u2019daki Ticaret Odalar\u0131 Federasyonu merkezinde ger\u00e7ekle\u015fen g\u00f6r\u00fc\u015fmede, Ba\u015fkan El-Ali, devrik rejimin y\u0131k\u0131lmas\u0131n\u0131n ard\u0131ndan Odalar Federasyonu\u2019nun odalarla ili\u015fkilerinin d\u00fczenlenmesi ve denetlenmesi ile kamu ve \u00f6zel sekt\u00f6r aras\u0131ndaki i\u015f birli\u011fi ve yeniden yap\u0131lanma s\u00fcrecinde at\u0131lan \u00f6nemli ad\u0131mlara dikkat \u00e7ekti.<\/p>\n<p style=\"text-align: justify;\">G\u00f6r\u00fc\u015fmelerde, iyi y\u00f6neti\u015fim, Suriye\u2019de mesleki e\u011fitimin mevcut durumu ve geli\u015fimi ile Alman Ajans\u0131\u2019n\u0131n nitelik ve e\u011fitimleri art\u0131rarak, uzmanl\u0131k alanlar\u0131n\u0131 \u00e7e\u015fitlendirerek ve gen\u00e7lerin becerilerini geli\u015ftirerek i\u015fg\u00fcc\u00fc piyasas\u0131na y\u00fcksek verimlilikle kat\u0131l\u0131mlar\u0131n\u0131 desteklemedeki katk\u0131 ve rol\u00fc ele al\u0131nd\u0131.<\/p>\n<p style=\"text-align: justify;\">Toplant\u0131da kat\u0131l\u0131mc\u0131lar, ticari ve ekonomik ili\u015fkilerin g\u00fc\u00e7lendirilmesi, i\u015f insanlar\u0131 ve yat\u0131r\u0131mc\u0131lar aras\u0131ndaki i\u015f birli\u011fi alanlar\u0131 ile farkl\u0131 hayati sekt\u00f6rlerde i\u015f birli\u011fi mekanizmalar\u0131n\u0131n geli\u015ftirilmesi yollar\u0131n\u0131 de\u011ferlendirdi.<\/p>\n<p style=\"text-align: justify;\">\u0130ki taraf, \u00f6zel sekt\u00f6r\u00fcn ekonomiyi ve kalk\u0131nmay\u0131 desteklemedeki rol\u00fc ve ekonomik b\u00fcy\u00fcmeye sa\u011flad\u0131\u011f\u0131 katk\u0131n\u0131n \u00f6nemini vurgularken, Suriye\u2019de yat\u0131r\u0131m ve ticaret f\u0131rsatlar\u0131n\u0131n te\u015fvik edilmesinin gereklili\u011fine de dikkat \u00e7ekti.<\/p>\n","protected":false},"excerpt":{"rendered":"<p>\u015eAM (SANA) \u2013 Suriye Ticaret Odalar\u0131 Federasyonu Ba\u015fkan\u0131 Alaa \u00d6mer El-Ali, Julia Becker ba\u015fkanl\u0131\u011f\u0131ndaki Alman Uluslararas\u0131 \u0130\u015f Birli\u011fi Ajans\u0131 (GIZ) heyetiyle iki taraf aras\u0131ndaki i\u015f birli\u011finin geli\u015ftirilmesi i\u00e7in yollar ve mekanizmalar \u00fczerinde g\u00f6r\u00fc\u015fmelerde bulundu. Bug\u00fcn \u015eam\u2019daki Ticaret Odalar\u0131 Federasyonu merkezinde ger\u00e7ekle\u015fen g\u00f6r\u00fc\u015fmede, Ba\u015fkan El-Ali, devrik rejimin y\u0131k\u0131lmas\u0131n\u0131n ard\u0131ndan Odalar Federasyonu\u2019nun odalarla ili\u015fkilerinin d\u00fczenlenmesi ve denetlenmesi &hellip;<\/p>\n","protected":false},"author":41,"featured_media":326574,"comment_status":"closed","ping_status":"closed","sticky":false,"template":"","format":"standard","meta":{"footnotes":""},"categories":[589,479,17988,478],"tags":[],"class_list":["post-326573","post","type-post","status-publish","format-standard","has-post-thumbnail","","category-haber-seridi","category-haberler-yerel","category-son-haberler","category-yerel"],"_links":{"self":[{"href":"https:\/\/archive.sana.sy\/tr\/index.php?rest_route=\/wp\/v2\/posts\/326573","targetHints":{"allow":["GET"]}}],"collection":[{"href":"https:\/\/archive.sana.sy\/tr\/index.php?rest_route=\/wp\/v2\/posts"}],"about":[{"href":"https:\/\/archive.sana.sy\/tr\/index.php?rest_route=\/wp\/v2\/types\/post"}],"author":[{"embeddable":true,"href":"https:\/\/archive.sana.sy\/tr\/index.php?rest_route=\/wp\/v2\/users\/41"}],"replies":[{"embeddable":true,"href":"https:\/\/archive.sana.sy\/tr\/index.php?rest_route=%2Fwp%2Fv2%2Fcomments&post=326573"}],"version-history":[{"count":2,"href":"https:\/\/archive.sana.sy\/tr\/index.php?rest_route=\/wp\/v2\/posts\/326573\/revisions"}],"predecessor-version":[{"id":326577,"href":"https:\/\/archive.sana.sy\/tr\/index.php?rest_route=\/wp\/v2\/posts\/326573\/revisions\/326577"}],"wp:featuredmedia":[{"embeddable":true,"href":"https:\/\/archive.sana.sy\/tr\/index.php?rest_route=\/wp\/v2\/media\/326574"}],"wp:attachment":[{"href":"https:\/\/archive.sana.sy\/tr\/index.php?rest_route=%2Fwp%2Fv2%2Fmedia&parent=326573"}],"wp:term":[{"taxonomy":"category","embeddable":true,"href":"https:\/\/archive.sana.sy\/tr\/index.php?rest_route=%2Fwp%2Fv2%2Fcategories&post=326573"},{"taxonomy":"post_tag","embeddable":true,"href":"https:\/\/archive.sana.sy\/tr\/index.php?rest_route=%2Fwp%2Fv2%2Ftags&post=326573"}],"curies":[{"name":"wp","href":"https:\/\/api.w.org\/{rel}","templated":true}]}}