{"id":326578,"date":"2025-07-27T18:56:32","date_gmt":"2025-07-27T15:56:32","guid":{"rendered":"https:\/\/sana.sy\/tr\/?p=326578"},"modified":"2025-07-29T14:02:44","modified_gmt":"2025-07-29T11:02:44","slug":"suriye-ve-suudi-arabistan-enerji-sektorunde-mutabakat-zapti-imzaladi","status":"publish","type":"post","link":"https:\/\/archive.sana.sy\/tr\/?p=326578","title":{"rendered":"Suriye Ve Suudi Arabistan, Enerji Alan\u0131nda Stratejik \u0130\u015fbirli\u011fi Mutabakat\u0131 \u0130mzalad\u0131"},"content":{"rendered":"<p style=\"text-align: justify;\"><span style=\"color: #ff0000;\"><strong>R\u0130YAD (SANA) &#8211;<\/strong> <\/span>Suriye ile Suudi Arabistan, enerji alan\u0131ndaki ikili i\u015fbirli\u011fini g\u00fc\u00e7lendirmek amac\u0131yla bug\u00fcn stratejik bir mutabakat zapt\u0131 imzalad\u0131.<\/p>\n<p style=\"text-align: justify;\">Anla\u015fma, Riyad \u015fehrinde d\u00fczenlenen resmi bir t\u00f6renle imzaland\u0131. Suriyeli taraf ad\u0131na Enerji Bakan\u0131 Muhammed Be\u015fir, Suudi taraf ad\u0131na ise Enerji Bakan\u0131 Prens Abd\u00fclaziz bin Selman Al Suud imza att\u0131. T\u00f6rene, her iki \u00fclkeden h\u00fck\u00fcmet ve \u00f6zel sekt\u00f6r temsilcileri kat\u0131ld\u0131.<\/p>\n<p style=\"text-align: justify;\">Mutabakat zapt\u0131, elektrik, yenilenebilir enerji, b\u00f6lgesel elektrik ba\u011flant\u0131s\u0131, petrol ve do\u011falgaz, petrokimya end\u00fcstrisi ve modern teknolojiler gibi hayati sekt\u00f6rlerde ikili ili\u015fkilerin g\u00fc\u00e7lendirilmesini hedefliyor. Ayr\u0131ca insan kayna\u011f\u0131n\u0131n geli\u015ftirilmesi, yenilik\u00e7ili\u011fin desteklenmesi ve teknolojinin transferi ile yerelle\u015ftirilmesi konular\u0131n\u0131 da kaps\u0131yor.<\/p>\n<p style=\"text-align: justify;\">Anla\u015fma \u00e7er\u00e7evesinde, ortak konferanslar ve seminerler d\u00fczenlenmesi, bilgi ve deneyim payla\u015f\u0131m\u0131 yap\u0131lmas\u0131, \u00fcniversiteler ve uzmanla\u015fm\u0131\u015f merkezler arac\u0131l\u0131\u011f\u0131yla akademik ve bilimsel i\u015fbirli\u011finin geli\u015ftirilmesi ve teknik heyetlerin kar\u015f\u0131l\u0131kl\u0131 ziyaretlerinin art\u0131r\u0131lmas\u0131 \u00f6ng\u00f6r\u00fcl\u00fcyor. Bu \u00e7al\u0131\u015fmalar, s\u00fcrd\u00fcr\u00fclebilir bir stratejik ortakl\u0131\u011f\u0131n in\u015fas\u0131na katk\u0131 sa\u011flamay\u0131 ama\u00e7l\u0131yor.<\/p>\n<p style=\"text-align: justify;\">Ayr\u0131ca, uluslararas\u0131 enerji platformlar\u0131nda ortak i\u015fbirli\u011fi ve e\u015fg\u00fcd\u00fcm sa\u011flanmas\u0131, enerji sekt\u00f6r\u00fc ve bu alandaki d\u00f6n\u00fc\u015f\u00fcmlere ili\u015fkin b\u00f6lgesel ve k\u00fcresel politikalar\u0131n yak\u0131nla\u015ft\u0131r\u0131lmas\u0131 da anla\u015fman\u0131n \u00f6nemli maddeleri aras\u0131nda yer ald\u0131.<\/p>\n<p style=\"text-align: justify;\">Bu ad\u0131m, Suriye-Suudi Arabistan ili\u015fkilerinde niteliksel bir s\u0131\u00e7rama anlam\u0131na gelmekte olup, enerji sekt\u00f6r\u00fcnde ortak yat\u0131r\u0131mlar i\u00e7in yeni ufuklar a\u00e7maktad\u0131r. Ayn\u0131 zamanda, Arap entegrasyonunun ilerletilmesi ve b\u00f6lgenin enerji g\u00fcvenli\u011fi ile istikrar\u0131n\u0131n g\u00fc\u00e7lendirilmesi y\u00f6n\u00fcnde \u00f6nemli bir ad\u0131md\u0131r.<\/p>\n<div id='gallery-1' class='gallery galleryid-326578 gallery-columns-1 gallery-size-full'><figure class='gallery-item'>\n\t\t\t<div class='gallery-icon landscape'>\n\t\t\t\t<a href='https:\/\/archive.sana.sy\/tr\/?attachment_id=326580'><img loading=\"lazy\" decoding=\"async\" width=\"1280\" height=\"826\" src=\"https:\/\/archive.sana.sy\/tr\/wp-content\/uploads\/2025\/07\/photo_2025-07-27_18-42-48-2.jpg\" class=\"attachment-full size-full\" alt=\"\" srcset=\"https:\/\/archive.sana.sy\/tr\/wp-content\/uploads\/2025\/07\/photo_2025-07-27_18-42-48-2.jpg 1280w, https:\/\/archive.sana.sy\/tr\/wp-content\/uploads\/2025\/07\/photo_2025-07-27_18-42-48-2-300x194.jpg 300w, https:\/\/archive.sana.sy\/tr\/wp-content\/uploads\/2025\/07\/photo_2025-07-27_18-42-48-2-1024x661.jpg 1024w, https:\/\/archive.sana.sy\/tr\/wp-content\/uploads\/2025\/07\/photo_2025-07-27_18-42-48-2-768x496.jpg 768w\" sizes=\"auto, (max-width: 1280px) 100vw, 1280px\" \/><\/a>\n\t\t\t<\/div><\/figure>\n\t\t<\/div>\n\n","protected":false},"excerpt":{"rendered":"<p>R\u0130YAD (SANA) &#8211; Suriye ile Suudi Arabistan, enerji alan\u0131ndaki ikili i\u015fbirli\u011fini g\u00fc\u00e7lendirmek amac\u0131yla bug\u00fcn stratejik bir mutabakat zapt\u0131 imzalad\u0131. Anla\u015fma, Riyad \u015fehrinde d\u00fczenlenen resmi bir t\u00f6renle imzaland\u0131. Suriyeli taraf ad\u0131na Enerji Bakan\u0131 Muhammed Be\u015fir, Suudi taraf ad\u0131na ise Enerji Bakan\u0131 Prens Abd\u00fclaziz bin Selman Al Suud imza att\u0131. T\u00f6rene, her iki \u00fclkeden h\u00fck\u00fcmet ve \u00f6zel &hellip;<\/p>\n","protected":false},"author":41,"featured_media":326579,"comment_status":"closed","ping_status":"closed","sticky":false,"template":"","format":"standard","meta":{"footnotes":""},"categories":[458,485,486,17988],"tags":[],"class_list":["post-326578","post","type-post","status-publish","format-standard","has-post-thumbnail","","category-dunya1","category-is-ve-sermaye","category-haberler-is-ve-sermaye","category-son-haberler"],"_links":{"self":[{"href":"https:\/\/archive.sana.sy\/tr\/index.php?rest_route=\/wp\/v2\/posts\/326578","targetHints":{"allow":["GET"]}}],"collection":[{"href":"https:\/\/archive.sana.sy\/tr\/index.php?rest_route=\/wp\/v2\/posts"}],"about":[{"href":"https:\/\/archive.sana.sy\/tr\/index.php?rest_route=\/wp\/v2\/types\/post"}],"author":[{"embeddable":true,"href":"https:\/\/archive.sana.sy\/tr\/index.php?rest_route=\/wp\/v2\/users\/41"}],"replies":[{"embeddable":true,"href":"https:\/\/archive.sana.sy\/tr\/index.php?rest_route=%2Fwp%2Fv2%2Fcomments&post=326578"}],"version-history":[{"count":3,"href":"https:\/\/archive.sana.sy\/tr\/index.php?rest_route=\/wp\/v2\/posts\/326578\/revisions"}],"predecessor-version":[{"id":326586,"href":"https:\/\/archive.sana.sy\/tr\/index.php?rest_route=\/wp\/v2\/posts\/326578\/revisions\/326586"}],"wp:featuredmedia":[{"embeddable":true,"href":"https:\/\/archive.sana.sy\/tr\/index.php?rest_route=\/wp\/v2\/media\/326579"}],"wp:attachment":[{"href":"https:\/\/archive.sana.sy\/tr\/index.php?rest_route=%2Fwp%2Fv2%2Fmedia&parent=326578"}],"wp:term":[{"taxonomy":"category","embeddable":true,"href":"https:\/\/archive.sana.sy\/tr\/index.php?rest_route=%2Fwp%2Fv2%2Fcategories&post=326578"},{"taxonomy":"post_tag","embeddable":true,"href":"https:\/\/archive.sana.sy\/tr\/index.php?rest_route=%2Fwp%2Fv2%2Ftags&post=326578"}],"curies":[{"name":"wp","href":"https:\/\/api.w.org\/{rel}","templated":true}]}}