{"id":326582,"date":"2025-07-27T22:23:03","date_gmt":"2025-07-27T19:23:03","guid":{"rendered":"https:\/\/sana.sy\/tr\/?p=326582"},"modified":"2025-07-27T22:23:03","modified_gmt":"2025-07-27T19:23:03","slug":"suriye-urdun-ekonomik-ve-yatirim-isbirligi-gorusmeleri","status":"publish","type":"post","link":"https:\/\/archive.sana.sy\/tr\/?p=326582","title":{"rendered":"Suriye-\u00dcrd\u00fcn Ekonomik Ve Yat\u0131r\u0131m \u0130\u015fbirli\u011fi G\u00f6r\u00fc\u015fmeleri"},"content":{"rendered":"<p style=\"text-align: justify;\"><span style=\"color: #ff0000;\"><strong>\u015eAM (SANA) &#8211;<\/strong> <\/span>\u015eam ve \u015eam k\u0131rsal\u0131 Sanayi Odas\u0131 Ba\u015fkan\u0131 Muhammed Ayman El Mulavi, \u00dcrd\u00fcn \u0130\u015fadamlar\u0131 Refah Derne\u011fi Ba\u015fkan\u0131 Rasmi El Mallah ba\u015fkanl\u0131\u011f\u0131ndaki bir heyetle, iki taraf aras\u0131nda ekonomik ve yat\u0131r\u0131m i\u015fbirli\u011finin geli\u015ftirilmesi yollar\u0131n\u0131 ve ortak \u00e7al\u0131\u015fma alanlar\u0131na dair g\u00f6r\u00fc\u015f al\u0131\u015fveri\u015finde bulundu.<\/p>\n<p style=\"text-align: justify;\">Bug\u00fcn \u015eam\u2019daki Sanayi Odas\u0131\u2019n\u0131n merkezinde ger\u00e7ekle\u015ftirilen g\u00f6r\u00fc\u015fmede, ba\u015fta Suriye standartlar\u0131 ve normlar\u0131, lojistik ve transit sekt\u00f6r\u00fcndeki zorluklar olmak \u00fczere finansal transferler ve yat\u0131r\u0131m yasas\u0131 ile yat\u0131r\u0131mc\u0131lara sa\u011flanan ayr\u0131cal\u0131klar detayl\u0131 \u015fekilde ele al\u0131nd\u0131.<\/p>\n<p style=\"text-align: justify;\">Taraflar, ekonomik kalk\u0131nman\u0131n desteklenmesi ve Suriye-\u00dcrd\u00fcn ekonomik ba\u011flar\u0131n\u0131n g\u00fc\u00e7lendirilmesi amac\u0131yla i\u015fadamlar\u0131 aras\u0131nda do\u011frudan ileti\u015fim kanallar\u0131n\u0131n a\u00e7\u0131lmas\u0131 ve koordinasyonun s\u00fcrd\u00fcr\u00fclmesinin \u00f6nemini vurgulad\u0131.<\/p>\n<p style=\"text-align: justify;\">\u00dcrd\u00fcn heyeti, uluslararas\u0131 nakliye, finansal transferler, gayrimenkul geli\u015ftirme, in\u015faat malzemeleri ticareti, yenilenebilir enerji, petrol ve gaz end\u00fcstrileri, g\u0131da sanayi, laboratuvar teknolojileri, su ve su ar\u0131tma gibi \u00e7e\u015fitli sekt\u00f6rlerde uzman i\u015fadamlar\u0131ndan olu\u015ftu; bu da Suriye pazar\u0131ndaki yat\u0131r\u0131m f\u0131rsatlar\u0131n\u0131n ve ilgi alanlar\u0131n\u0131n \u00e7e\u015fitlili\u011fini yans\u0131tmaktad\u0131r.<\/p>\n<p style=\"text-align: justify;\">Hat\u0131rlanaca\u011f\u0131 \u00fczere, 27 May\u0131s\u2019ta \u00dcrd\u00fcn\u2019den bir sanayi, ticaret ve hizmet heyeti \u015eam\u2019\u0131 ziyaret etmi\u015f, Suriye yetkilileri ve ticaret-sanayi odalar\u0131yla ortak i\u015fbirli\u011finin art\u0131r\u0131lmas\u0131 mekanizmalar\u0131n\u0131 g\u00f6r\u00fc\u015fm\u00fc\u015ft\u00fc, bu ziyaret iki karde\u015f \u00fclkenin menfaatine hizmet etmeyi ama\u00e7lamaktad\u0131r.<\/p>\n","protected":false},"excerpt":{"rendered":"<p>\u015eAM (SANA) &#8211; \u015eam ve \u015eam k\u0131rsal\u0131 Sanayi Odas\u0131 Ba\u015fkan\u0131 Muhammed Ayman El Mulavi, \u00dcrd\u00fcn \u0130\u015fadamlar\u0131 Refah Derne\u011fi Ba\u015fkan\u0131 Rasmi El Mallah ba\u015fkanl\u0131\u011f\u0131ndaki bir heyetle, iki taraf aras\u0131nda ekonomik ve yat\u0131r\u0131m i\u015fbirli\u011finin geli\u015ftirilmesi yollar\u0131n\u0131 ve ortak \u00e7al\u0131\u015fma alanlar\u0131na dair g\u00f6r\u00fc\u015f al\u0131\u015fveri\u015finde bulundu. Bug\u00fcn \u015eam\u2019daki Sanayi Odas\u0131\u2019n\u0131n merkezinde ger\u00e7ekle\u015ftirilen g\u00f6r\u00fc\u015fmede, ba\u015fta Suriye standartlar\u0131 ve normlar\u0131, lojistik &hellip;<\/p>\n","protected":false},"author":41,"featured_media":326583,"comment_status":"closed","ping_status":"closed","sticky":false,"template":"","format":"standard","meta":{"footnotes":""},"categories":[485,589,486,17988],"tags":[],"class_list":["post-326582","post","type-post","status-publish","format-standard","has-post-thumbnail","","category-is-ve-sermaye","category-haber-seridi","category-haberler-is-ve-sermaye","category-son-haberler"],"_links":{"self":[{"href":"https:\/\/archive.sana.sy\/tr\/index.php?rest_route=\/wp\/v2\/posts\/326582","targetHints":{"allow":["GET"]}}],"collection":[{"href":"https:\/\/archive.sana.sy\/tr\/index.php?rest_route=\/wp\/v2\/posts"}],"about":[{"href":"https:\/\/archive.sana.sy\/tr\/index.php?rest_route=\/wp\/v2\/types\/post"}],"author":[{"embeddable":true,"href":"https:\/\/archive.sana.sy\/tr\/index.php?rest_route=\/wp\/v2\/users\/41"}],"replies":[{"embeddable":true,"href":"https:\/\/archive.sana.sy\/tr\/index.php?rest_route=%2Fwp%2Fv2%2Fcomments&post=326582"}],"version-history":[{"count":1,"href":"https:\/\/archive.sana.sy\/tr\/index.php?rest_route=\/wp\/v2\/posts\/326582\/revisions"}],"predecessor-version":[{"id":326584,"href":"https:\/\/archive.sana.sy\/tr\/index.php?rest_route=\/wp\/v2\/posts\/326582\/revisions\/326584"}],"wp:featuredmedia":[{"embeddable":true,"href":"https:\/\/archive.sana.sy\/tr\/index.php?rest_route=\/wp\/v2\/media\/326583"}],"wp:attachment":[{"href":"https:\/\/archive.sana.sy\/tr\/index.php?rest_route=%2Fwp%2Fv2%2Fmedia&parent=326582"}],"wp:term":[{"taxonomy":"category","embeddable":true,"href":"https:\/\/archive.sana.sy\/tr\/index.php?rest_route=%2Fwp%2Fv2%2Fcategories&post=326582"},{"taxonomy":"post_tag","embeddable":true,"href":"https:\/\/archive.sana.sy\/tr\/index.php?rest_route=%2Fwp%2Fv2%2Ftags&post=326582"}],"curies":[{"name":"wp","href":"https:\/\/api.w.org\/{rel}","templated":true}]}}