{"id":326587,"date":"2025-07-27T22:43:22","date_gmt":"2025-07-27T19:43:22","guid":{"rendered":"https:\/\/sana.sy\/tr\/?p=326587"},"modified":"2025-07-27T22:43:22","modified_gmt":"2025-07-27T19:43:22","slug":"riyad-gazetesi-suriyenin-arap-dunyasindaki-yerini-yeniden-almasi-bir-zorunluluktur-tercih-degildir","status":"publish","type":"post","link":"https:\/\/archive.sana.sy\/tr\/?p=326587","title":{"rendered":"Riyad Gazetesi: Suriye&#8217;nin Arap D\u00fcnyas\u0131ndaki Yerini Yeniden Almas\u0131 Bir Zorunluluktur, Tercih De\u011fildir"},"content":{"rendered":"<p style=\"text-align: justify;\"><span style=\"color: #ff0000;\"><strong>R\u0130YAD (SANA) &#8211;<\/strong> <\/span>Suudi Arabistan\u2019\u0131n \u00f6nde gelen gazetelerinden Riyadh, Krall\u0131\u011f\u0131n Suriye\u2019nin Arap \u00e7evresindeki konumunu yeniden kazanmas\u0131n\u0131n bir &#8220;zorunluluk&#8221; oldu\u011funu ve &#8220;tercih&#8221; olarak g\u00f6r\u00fclmemesi gerekti\u011fini vurgulad\u0131. Gazete, tarihi ve co\u011frafi-siyasi derinli\u011fiyle \u015eam\u2019\u0131n Arap eylem dairesinin d\u0131\u015f\u0131nda kalamayaca\u011f\u0131n\u0131 ve d\u0131\u015f m\u00fcdahalelere a\u00e7\u0131k bir alan olarak b\u0131rak\u0131lamayaca\u011f\u0131n\u0131 belirtti.<\/p>\n<p style=\"text-align: justify;\">Gazetenin bug\u00fcn yay\u0131mlad\u0131\u011f\u0131 bir makalede \u015fu ifadelere yer verildi: \u201cCumhurba\u015fkan\u0131 Ahmed El \u015eara\u2018in g\u00f6revine resmen ba\u015flamas\u0131ndan bu yana Suudi Arabistan-Suriye ili\u015fkileri stratejik bir d\u00f6n\u00fc\u015f\u00fcm s\u00fcrecine girmi\u015ftir. Bu geli\u015fme, b\u00f6lgesel d\u00fczlemde ya\u015fanan k\u00f6kl\u00fc de\u011fi\u015fimlerin bir par\u00e7as\u0131 olarak okunmal\u0131d\u0131r.\u201d Suudi Arabistan\u2019\u0131n \u0131l\u0131ml\u0131l\u0131k ve a\u00e7\u0131kl\u0131k esas\u0131na dayal\u0131, b\u00fct\u00fcnc\u00fcl bir vizyonla hareket etti\u011fi ve bu vizyonun b\u00f6lge istikrar\u0131n\u0131 desteklemeyi, kopan ba\u011flar\u0131 yeniden kurmay\u0131 ve Arap \u00fclkelerinin par\u00e7alanma s\u00fcrecini a\u015fmas\u0131n\u0131 hedefledi\u011fi kaydedildi.<\/p>\n<p style=\"text-align: justify;\">Makale de ayr\u0131ca, Cumhurba\u015fkan\u0131 El \u015eara\u2018in iktidara gelmesinden itibaren Suudi Arabistan\u2019\u0131n yeni Suriye y\u00f6netimine olumlu ve h\u0131zl\u0131 bir \u015fekilde yakla\u015ft\u0131\u011f\u0131n\u0131, bu yakla\u015f\u0131m\u0131n siyasi ve ki\u015fisel destek mesajlar\u0131 i\u00e7erdi\u011fini ve diyalog ile anlay\u0131\u015f temelli yeni bir d\u00f6nemin in\u015fas\u0131na y\u00f6nelik niyetin g\u00f6stergesi oldu\u011funu belirtti.<\/p>\n<p style=\"text-align: justify;\">Makale de \u015f\u00f6yle devam etti , Suudi Arabistan\u2019\u0131n Suriye\u2019ye deste\u011finin yaln\u0131zca sava\u015f\u0131n etkilerini hafifletmeye de\u011fil, ayn\u0131 zamanda egemenli\u011fe sayg\u0131, ortak \u00e7\u0131karlar\u0131n ger\u00e7ekle\u015ftirilmesi ve Arap d\u00fcnyas\u0131nda dengenin yeniden tesisine dayanan uzun vadeli bir ortakl\u0131k kurmaya y\u00f6nelik oldu\u011funu vurgulad\u0131. Bu ortakl\u0131\u011f\u0131n gelecekteki kalk\u0131nma projelerinin temel ta\u015f\u0131 oldu\u011funu ifade etti.<\/p>\n<p style=\"text-align: justify;\">Makale devam etti, Suudi Arabistan ile Suriye aras\u0131ndaki ili\u015fkilerin, ba\u011f\u0131ms\u0131zl\u0131k, egemenlik ve kalk\u0131nma ilkeleri temelinde Arap sistemine yeniden entegre edilmek istenen \u00fclkeler i\u00e7in ba\u015far\u0131l\u0131 bir model olu\u015fturabilece\u011fini kaydetti. Suudi Arabistan\u2019\u0131n bu ba\u011flamdaki yakla\u015f\u0131m\u0131n\u0131n, Kral Selman bin Abdulaziz ve Veliaht Prens Muhammed bin Selman liderli\u011findeki vizyonun bir par\u00e7as\u0131 oldu\u011fu, bu vizyonun ise kalk\u0131nma yoluyla bar\u0131\u015f\u0131n in\u015fas\u0131n\u0131, ortakl\u0131k yoluyla istikrar\u0131n sa\u011flanmas\u0131n\u0131 hedefledi\u011fi belirtildi.<\/p>\n<p style=\"text-align: justify;\">Gazete ayr\u0131ca, yeni Suriye ile ba\u015flat\u0131lan baz\u0131 i\u015fbirli\u011fi alanlar\u0131na da de\u011findi. Bunlar aras\u0131nda g\u00fcvenlik i\u015fbirli\u011fi \u00f6ne \u00e7\u0131kmakta; taraflar aras\u0131nda bir g\u00fcvenlik anla\u015fmas\u0131 imzalanm\u0131\u015f ve bu anla\u015fma, \u00f6zellikle \u00dcrd\u00fcn ve Irak s\u0131n\u0131rlar\u0131na yak\u0131n g\u00fcney b\u00f6lgelerde s\u0131n\u0131r g\u00fcvenli\u011fi ve koordinasyonu art\u0131rmaya y\u00f6nelik ilk ad\u0131m olarak de\u011ferlendirilmi\u015ftir.<\/p>\n<p style=\"text-align: justify;\">Ekonomik d\u00fczlemde ise Riyadh gazetesi, Suudi Arabistan\u2019\u0131n b\u00f6lgesel ortaklarla i\u015fbirli\u011fi i\u00e7inde Suriye ekonomisine destek ama\u00e7l\u0131 kapsaml\u0131 bir plan ba\u015flatt\u0131\u011f\u0131n\u0131 bildirdi. Bu deste\u011fin rastlant\u0131sal olmad\u0131\u011f\u0131, y\u00f6neti\u015fim ilkesine dayand\u0131\u011f\u0131 ve altyap\u0131, e\u011fitim, sa\u011fl\u0131k, enerji ve tar\u0131m gibi hayati sekt\u00f6rlere stratejik yat\u0131r\u0131mlar\u0131 i\u00e7erdi\u011fi belirtildi.<\/p>\n<p style=\"text-align: justify;\">Ayr\u0131ca Suudi Arabistan\u2019\u0131n b\u00fcy\u00fck \u015firketlerine, \u015feffafl\u0131k ilkelerine uygun \u015fekilde ve eski d\u00f6nemde ekonomiyi \u00e7\u00f6kerten yolsuzluk a\u011flar\u0131ndan uzak bir ortamda Suriye\u2019de yat\u0131r\u0131m yapma imkan\u0131 sundu\u011fu ifade edildi.<\/p>\n","protected":false},"excerpt":{"rendered":"<p>R\u0130YAD (SANA) &#8211; Suudi Arabistan\u2019\u0131n \u00f6nde gelen gazetelerinden Riyadh, Krall\u0131\u011f\u0131n Suriye\u2019nin Arap \u00e7evresindeki konumunu yeniden kazanmas\u0131n\u0131n bir &#8220;zorunluluk&#8221; oldu\u011funu ve &#8220;tercih&#8221; olarak g\u00f6r\u00fclmemesi gerekti\u011fini vurgulad\u0131. Gazete, tarihi ve co\u011frafi-siyasi derinli\u011fiyle \u015eam\u2019\u0131n Arap eylem dairesinin d\u0131\u015f\u0131nda kalamayaca\u011f\u0131n\u0131 ve d\u0131\u015f m\u00fcdahalelere a\u00e7\u0131k bir alan olarak b\u0131rak\u0131lamayaca\u011f\u0131n\u0131 belirtti. Gazetenin bug\u00fcn yay\u0131mlad\u0131\u011f\u0131 bir makalede \u015fu ifadelere yer verildi: \u201cCumhurba\u015fkan\u0131 &hellip;<\/p>\n","protected":false},"author":41,"featured_media":326588,"comment_status":"closed","ping_status":"closed","sticky":false,"template":"","format":"standard","meta":{"footnotes":""},"categories":[458,589,459,17988],"tags":[],"class_list":["post-326587","post","type-post","status-publish","format-standard","has-post-thumbnail","","category-dunya1","category-haber-seridi","category-haberler-arap-uluslararasi-politika","category-son-haberler"],"_links":{"self":[{"href":"https:\/\/archive.sana.sy\/tr\/index.php?rest_route=\/wp\/v2\/posts\/326587","targetHints":{"allow":["GET"]}}],"collection":[{"href":"https:\/\/archive.sana.sy\/tr\/index.php?rest_route=\/wp\/v2\/posts"}],"about":[{"href":"https:\/\/archive.sana.sy\/tr\/index.php?rest_route=\/wp\/v2\/types\/post"}],"author":[{"embeddable":true,"href":"https:\/\/archive.sana.sy\/tr\/index.php?rest_route=\/wp\/v2\/users\/41"}],"replies":[{"embeddable":true,"href":"https:\/\/archive.sana.sy\/tr\/index.php?rest_route=%2Fwp%2Fv2%2Fcomments&post=326587"}],"version-history":[{"count":1,"href":"https:\/\/archive.sana.sy\/tr\/index.php?rest_route=\/wp\/v2\/posts\/326587\/revisions"}],"predecessor-version":[{"id":326589,"href":"https:\/\/archive.sana.sy\/tr\/index.php?rest_route=\/wp\/v2\/posts\/326587\/revisions\/326589"}],"wp:featuredmedia":[{"embeddable":true,"href":"https:\/\/archive.sana.sy\/tr\/index.php?rest_route=\/wp\/v2\/media\/326588"}],"wp:attachment":[{"href":"https:\/\/archive.sana.sy\/tr\/index.php?rest_route=%2Fwp%2Fv2%2Fmedia&parent=326587"}],"wp:term":[{"taxonomy":"category","embeddable":true,"href":"https:\/\/archive.sana.sy\/tr\/index.php?rest_route=%2Fwp%2Fv2%2Fcategories&post=326587"},{"taxonomy":"post_tag","embeddable":true,"href":"https:\/\/archive.sana.sy\/tr\/index.php?rest_route=%2Fwp%2Fv2%2Ftags&post=326587"}],"curies":[{"name":"wp","href":"https:\/\/api.w.org\/{rel}","templated":true}]}}