{"id":326591,"date":"2025-07-27T01:14:59","date_gmt":"2025-07-26T22:14:59","guid":{"rendered":"https:\/\/sana.sy\/tr\/?p=326591"},"modified":"2025-07-28T11:59:14","modified_gmt":"2025-07-28T08:59:14","slug":"enformasyon-bakani-sivillerin-yasamlari-ve-ihtiyaclari-siyasi-somuruden-uzak-tutulmalidir","status":"publish","type":"post","link":"https:\/\/archive.sana.sy\/tr\/?p=326591","title":{"rendered":"Enformasyon Bakan\u0131: Sivillerin Ya\u015famlar\u0131 ve \u0130htiya\u00e7lar\u0131 Siyasi S\u00f6m\u00fcr\u00fcden Uzak Tutulmal\u0131d\u0131r"},"content":{"rendered":"<p style=\"text-align: justify;\"><span style=\"color: #ff0000;\"><strong>\u015eAM (SANA) &#8211;<\/strong> \u00a0<\/span>Enformasyon Bakan\u0131 Dr. Hamza Mustafa, sivillerin ya\u015famlar\u0131n\u0131n ve temel ihtiya\u00e7lar\u0131n\u0131n her t\u00fcrl\u00fc siyasi s\u00f6m\u00fcr\u00fcye kar\u015f\u0131 korunmas\u0131 gerekti\u011fini vurgulad\u0131.<\/p>\n<p style=\"text-align: justify;\">Enformasyon Bakan\u0131 (X) platformu \u00fczerinden yapt\u0131\u011f\u0131 payla\u015f\u0131mda, &#8220;Suriye h\u00fck\u00fcmeti taraf\u0131ndan uygulanan bir ku\u015fatma oldu\u011funu iddia ederek toplumsal ve siyasal krizleri izolasyonist ama\u00e7lara hizmet etmek i\u00e7in kullanmaya \u00e7al\u0131\u015fan baz\u0131 kanunsuz \u00f6rg\u00fctlerin pervas\u0131zca eylemlerini \u015fiddetle k\u0131n\u0131yoruz, bu iddialar S\u00fcveyde Valisi Dr. Mustafa El Bakur taraf\u0131ndan reddedildi&#8221; dedi.<\/p>\n<p style=\"text-align: justify;\">Son birka\u00e7 g\u00fcnd\u00fcr yard\u0131m ve ticari ge\u00e7i\u015flerin giri\u015fine devam edildi\u011fini vurgulayan Bakanl\u0131k, yar\u0131n sabah Busra El \u015eam s\u0131n\u0131r kap\u0131s\u0131ndan giri\u015flerin devam edece\u011fini bildirdi.<\/p>\n<p style=\"text-align: justify;\">Bakan Dr. Mustafa, &#8220;Ayn\u0131 zamanda, son kriz nedeniyle S\u00fcveyda&#8217;da ya\u015fayan halk\u0131m\u0131z\u0131n \u00e7ekti\u011fi ac\u0131lar\u0131 kas\u0131tl\u0131 olarak \u00f6vmek veya alay etmek isteyen baz\u0131 k\u0131\u015fk\u0131rt\u0131c\u0131 sosyal medya kullan\u0131c\u0131lar\u0131n\u0131n ba\u015flatt\u0131\u011f\u0131 i\u011fren\u00e7 kampanyalar\u0131 da k\u0131n\u0131yoruz. Bu, Esad&#8217;\u0131n d\u0131\u015flama ve k\u0131\u015fk\u0131rtma s\u00f6yleminin kabul edilemez bir tekrar\u0131d\u0131r.&#8221; dedi.<\/p>\n<p style=\"text-align: justify;\">\n","protected":false},"excerpt":{"rendered":"<p>\u015eAM (SANA) &#8211; \u00a0Enformasyon Bakan\u0131 Dr. Hamza Mustafa, sivillerin ya\u015famlar\u0131n\u0131n ve temel ihtiya\u00e7lar\u0131n\u0131n her t\u00fcrl\u00fc siyasi s\u00f6m\u00fcr\u00fcye kar\u015f\u0131 korunmas\u0131 gerekti\u011fini vurgulad\u0131. Enformasyon Bakan\u0131 (X) platformu \u00fczerinden yapt\u0131\u011f\u0131 payla\u015f\u0131mda, &#8220;Suriye h\u00fck\u00fcmeti taraf\u0131ndan uygulanan bir ku\u015fatma oldu\u011funu iddia ederek toplumsal ve siyasal krizleri izolasyonist ama\u00e7lara hizmet etmek i\u00e7in kullanmaya \u00e7al\u0131\u015fan baz\u0131 kanunsuz \u00f6rg\u00fctlerin pervas\u0131zca eylemlerini \u015fiddetle k\u0131n\u0131yoruz, &hellip;<\/p>\n","protected":false},"author":36,"featured_media":326592,"comment_status":"closed","ping_status":"closed","sticky":false,"template":"","format":"standard","meta":{"footnotes":""},"categories":[589,479,17988,478],"tags":[],"class_list":["post-326591","post","type-post","status-publish","format-standard","has-post-thumbnail","","category-haber-seridi","category-haberler-yerel","category-son-haberler","category-yerel"],"_links":{"self":[{"href":"https:\/\/archive.sana.sy\/tr\/index.php?rest_route=\/wp\/v2\/posts\/326591","targetHints":{"allow":["GET"]}}],"collection":[{"href":"https:\/\/archive.sana.sy\/tr\/index.php?rest_route=\/wp\/v2\/posts"}],"about":[{"href":"https:\/\/archive.sana.sy\/tr\/index.php?rest_route=\/wp\/v2\/types\/post"}],"author":[{"embeddable":true,"href":"https:\/\/archive.sana.sy\/tr\/index.php?rest_route=\/wp\/v2\/users\/36"}],"replies":[{"embeddable":true,"href":"https:\/\/archive.sana.sy\/tr\/index.php?rest_route=%2Fwp%2Fv2%2Fcomments&post=326591"}],"version-history":[{"count":1,"href":"https:\/\/archive.sana.sy\/tr\/index.php?rest_route=\/wp\/v2\/posts\/326591\/revisions"}],"predecessor-version":[{"id":326593,"href":"https:\/\/archive.sana.sy\/tr\/index.php?rest_route=\/wp\/v2\/posts\/326591\/revisions\/326593"}],"wp:featuredmedia":[{"embeddable":true,"href":"https:\/\/archive.sana.sy\/tr\/index.php?rest_route=\/wp\/v2\/media\/326592"}],"wp:attachment":[{"href":"https:\/\/archive.sana.sy\/tr\/index.php?rest_route=%2Fwp%2Fv2%2Fmedia&parent=326591"}],"wp:term":[{"taxonomy":"category","embeddable":true,"href":"https:\/\/archive.sana.sy\/tr\/index.php?rest_route=%2Fwp%2Fv2%2Fcategories&post=326591"},{"taxonomy":"post_tag","embeddable":true,"href":"https:\/\/archive.sana.sy\/tr\/index.php?rest_route=%2Fwp%2Fv2%2Ftags&post=326591"}],"curies":[{"name":"wp","href":"https:\/\/api.w.org\/{rel}","templated":true}]}}