{"id":326595,"date":"2025-07-28T12:03:37","date_gmt":"2025-07-28T09:03:37","guid":{"rendered":"https:\/\/sana.sy\/tr\/?p=326595"},"modified":"2025-07-28T12:03:37","modified_gmt":"2025-07-28T09:03:37","slug":"suriye-enformasyon-bakani-yardim-konvoylari-suveydadaki-halkimiza-ulasmaya-calismaktan-geri-durmadi","status":"publish","type":"post","link":"https:\/\/archive.sana.sy\/tr\/?p=326595","title":{"rendered":"Suriye Enformasyon Bakan\u0131: Yard\u0131m Konvoylar\u0131 S\u00fcveyda&#8217;daki Halk\u0131m\u0131za Ula\u015fmaya \u00c7al\u0131\u015fmaktan Geri Durmad\u0131"},"content":{"rendered":"<p style=\"text-align: justify;\"><span style=\"color: #ff0000;\"><strong>\u015eAM (SANA) &#8211;<\/strong> \u00a0<\/span>Suriye Enformasyon Bakan\u0131 Dr. Hamza Mustafa, S\u00fcveyda&#8217;daki halk\u0131m\u0131za ula\u015fmak i\u00e7in insani yard\u0131m konvoylar\u0131n\u0131n durmad\u0131\u011f\u0131n\u0131 vurgulad\u0131.<\/p>\n<p style=\"text-align: justify;\">Bakan Mustafa, (x) platformunda payla\u015ft\u0131\u011f\u0131 tweette, &#8220;Talihsiz olaylar\u0131n ba\u015f\u0131ndan bu yana insani yard\u0131m konvoylar\u0131 S\u00fcveyda&#8217;daki halk\u0131m\u0131za ula\u015fmaya \u00e7al\u0131\u015fmaktan geri durmad\u0131 ve bu zor zamanda destek bekleyen herkese ula\u015fmay\u0131 umudunu ta\u015f\u0131yor&#8221; ifadelerini kulland\u0131.<\/p>\n<p style=\"text-align: justify;\">Bakan Mustafa, &#8220;Bu konvoylar\u0131n, halk\u0131m\u0131z\u0131n ac\u0131lar\u0131n\u0131 kendi izolasyonist ama\u00e7lar\u0131 i\u00e7in istismar etmek isteyen haydutlar taraf\u0131ndan engellenmemesini i\u00e7tenlikle umuyoruz&#8221; dedi.<\/p>\n<p style=\"text-align: justify;\">Enformasyon Bakan\u0131, &#8220;Devlet olarak S\u00fcveyda halk\u0131na ve ac\u0131 \u00e7eken her vatanda\u015fa kar\u015f\u0131 ahlaki sorumlulu\u011fumuzu yerine getirmeye devam ediyoruz ve onlar\u0131n ac\u0131lar\u0131n\u0131 hafifletmek ve hak edenlere destek sa\u011flamak i\u00e7in hi\u00e7bir \u00e7abadan ka\u00e7\u0131nmayaca\u011f\u0131z&#8221; dedi.<\/p>\n","protected":false},"excerpt":{"rendered":"<p>\u015eAM (SANA) &#8211; \u00a0Suriye Enformasyon Bakan\u0131 Dr. Hamza Mustafa, S\u00fcveyda&#8217;daki halk\u0131m\u0131za ula\u015fmak i\u00e7in insani yard\u0131m konvoylar\u0131n\u0131n durmad\u0131\u011f\u0131n\u0131 vurgulad\u0131. Bakan Mustafa, (x) platformunda payla\u015ft\u0131\u011f\u0131 tweette, &#8220;Talihsiz olaylar\u0131n ba\u015f\u0131ndan bu yana insani yard\u0131m konvoylar\u0131 S\u00fcveyda&#8217;daki halk\u0131m\u0131za ula\u015fmaya \u00e7al\u0131\u015fmaktan geri durmad\u0131 ve bu zor zamanda destek bekleyen herkese ula\u015fmay\u0131 umudunu ta\u015f\u0131yor&#8221; ifadelerini kulland\u0131. Bakan Mustafa, &#8220;Bu konvoylar\u0131n, halk\u0131m\u0131z\u0131n &hellip;<\/p>\n","protected":false},"author":36,"featured_media":326592,"comment_status":"closed","ping_status":"closed","sticky":false,"template":"","format":"standard","meta":{"footnotes":""},"categories":[589,479,17988,478],"tags":[],"class_list":["post-326595","post","type-post","status-publish","format-standard","has-post-thumbnail","","category-haber-seridi","category-haberler-yerel","category-son-haberler","category-yerel"],"_links":{"self":[{"href":"https:\/\/archive.sana.sy\/tr\/index.php?rest_route=\/wp\/v2\/posts\/326595","targetHints":{"allow":["GET"]}}],"collection":[{"href":"https:\/\/archive.sana.sy\/tr\/index.php?rest_route=\/wp\/v2\/posts"}],"about":[{"href":"https:\/\/archive.sana.sy\/tr\/index.php?rest_route=\/wp\/v2\/types\/post"}],"author":[{"embeddable":true,"href":"https:\/\/archive.sana.sy\/tr\/index.php?rest_route=\/wp\/v2\/users\/36"}],"replies":[{"embeddable":true,"href":"https:\/\/archive.sana.sy\/tr\/index.php?rest_route=%2Fwp%2Fv2%2Fcomments&post=326595"}],"version-history":[{"count":1,"href":"https:\/\/archive.sana.sy\/tr\/index.php?rest_route=\/wp\/v2\/posts\/326595\/revisions"}],"predecessor-version":[{"id":326596,"href":"https:\/\/archive.sana.sy\/tr\/index.php?rest_route=\/wp\/v2\/posts\/326595\/revisions\/326596"}],"wp:featuredmedia":[{"embeddable":true,"href":"https:\/\/archive.sana.sy\/tr\/index.php?rest_route=\/wp\/v2\/media\/326592"}],"wp:attachment":[{"href":"https:\/\/archive.sana.sy\/tr\/index.php?rest_route=%2Fwp%2Fv2%2Fmedia&parent=326595"}],"wp:term":[{"taxonomy":"category","embeddable":true,"href":"https:\/\/archive.sana.sy\/tr\/index.php?rest_route=%2Fwp%2Fv2%2Fcategories&post=326595"},{"taxonomy":"post_tag","embeddable":true,"href":"https:\/\/archive.sana.sy\/tr\/index.php?rest_route=%2Fwp%2Fv2%2Ftags&post=326595"}],"curies":[{"name":"wp","href":"https:\/\/api.w.org\/{rel}","templated":true}]}}