{"id":326597,"date":"2025-07-28T12:18:27","date_gmt":"2025-07-28T09:18:27","guid":{"rendered":"https:\/\/sana.sy\/tr\/?p=326597"},"modified":"2025-07-29T14:02:50","modified_gmt":"2025-07-29T11:02:50","slug":"yeni-yardim-konvoyu-suveydaya-dogru-yola-cikti","status":"publish","type":"post","link":"https:\/\/archive.sana.sy\/tr\/?p=326597","title":{"rendered":"Yeni Yard\u0131m Konvoyu S\u00fcveyda&#8217;ya Do\u011fru Yola \u00c7\u0131kt\u0131.. V\u0130DEO"},"content":{"rendered":"<p style=\"text-align: justify;\"><span style=\"color: #ff0000;\"><strong>DERA (SANA) &#8211;<\/strong> \u00a0<\/span>G\u0131da, yard\u0131m ve t\u0131bbi malzeme ta\u015f\u0131yan yeni bir yard\u0131m konvoyu, bu sabah Dera k\u0131rsal\u0131n\u0131n do\u011fusundaki Busra El \u015eam insani yard\u0131m ge\u00e7i\u015f noktas\u0131na ula\u015ft\u0131 ve S\u00fcveyda vilayetine do\u011fru yola \u00e7\u0131kt\u0131.<\/p>\n<p style=\"text-align: justify;\">Suriye Arap K\u0131z\u0131lay\u0131&#8217;na ba\u011fl\u0131 konvoy, uluslararas\u0131 kurulu\u015flar, Suriye h\u00fck\u00fcmeti ve yerel halk\u0131n ortak \u00e7al\u0131\u015fmas\u0131yla ger\u00e7ekle\u015fti, konvoyda 200 ton un, 2.000 bar\u0131nma kiti, 1.000 g\u0131da paketi ve \u00e7e\u015fitli t\u0131bbi ve g\u0131da malzemeleri i\u00e7eren 27 kamyon yer ald\u0131.<\/p>\n<p style=\"text-align: justify;\">Konvoy, Dera ve S\u00fcveyda&#8217;da etkilenen ailelere y\u00f6nelik yard\u0131m \u00e7al\u0131\u015fmalar\u0131n\u0131 art\u0131rma ve temel ihtiya\u00e7lar\u0131n\u0131 kar\u015f\u0131lama y\u00f6n\u00fcndeki devam eden \u00e7abalar\u0131n bir par\u00e7as\u0131.<\/p>\n<div id='gallery-1' class='gallery galleryid-326597 gallery-columns-2 gallery-size-full'><figure class='gallery-item'>\n\t\t\t<div class='gallery-icon landscape'>\n\t\t\t\t<a href='https:\/\/archive.sana.sy\/tr\/wp-content\/uploads\/2025\/07\/\u0642\u0627\u0641\u0644\u0629-12.png'><img loading=\"lazy\" decoding=\"async\" width=\"750\" height=\"400\" src=\"https:\/\/archive.sana.sy\/tr\/wp-content\/uploads\/2025\/07\/\u0642\u0627\u0641\u0644\u0629-12.png\" class=\"attachment-full size-full\" alt=\"\" srcset=\"https:\/\/archive.sana.sy\/tr\/wp-content\/uploads\/2025\/07\/\u0642\u0627\u0641\u0644\u0629-12.png 750w, https:\/\/archive.sana.sy\/tr\/wp-content\/uploads\/2025\/07\/\u0642\u0627\u0641\u0644\u0629-12-300x160.png 300w, https:\/\/archive.sana.sy\/tr\/wp-content\/uploads\/2025\/07\/\u0642\u0627\u0641\u0644\u0629-12-310x165.png 310w\" sizes=\"auto, (max-width: 750px) 100vw, 750px\" \/><\/a>\n\t\t\t<\/div><\/figure><figure class='gallery-item'>\n\t\t\t<div class='gallery-icon landscape'>\n\t\t\t\t<a href='https:\/\/archive.sana.sy\/tr\/wp-content\/uploads\/2025\/07\/\u0642\u0627\u0641\u0644\u0629-13.png'><img loading=\"lazy\" decoding=\"async\" width=\"750\" height=\"400\" src=\"https:\/\/archive.sana.sy\/tr\/wp-content\/uploads\/2025\/07\/\u0642\u0627\u0641\u0644\u0629-13.png\" class=\"attachment-full size-full\" alt=\"\" srcset=\"https:\/\/archive.sana.sy\/tr\/wp-content\/uploads\/2025\/07\/\u0642\u0627\u0641\u0644\u0629-13.png 750w, https:\/\/archive.sana.sy\/tr\/wp-content\/uploads\/2025\/07\/\u0642\u0627\u0641\u0644\u0629-13-300x160.png 300w, https:\/\/archive.sana.sy\/tr\/wp-content\/uploads\/2025\/07\/\u0642\u0627\u0641\u0644\u0629-13-310x165.png 310w\" sizes=\"auto, (max-width: 750px) 100vw, 750px\" \/><\/a>\n\t\t\t<\/div><\/figure>\n\t\t<\/div>\n\n<p style=\"text-align: center;\"><iframe loading=\"lazy\" title=\"\u0642\u0627\u0641\u0644\u0629 \u0645\u0633\u0627\u0639\u062f\u0627\u062a \u062c\u062f\u064a\u062f\u0629 \u0644\u0644\u0647\u0644\u0627\u0644 \u0627\u0644\u0623\u062d\u0645\u0631 \u0627\u0644\u0639\u0631\u0628\u064a \u0627\u0644\u0633\u0648\u0631\u064a \u062a\u0635\u0644 \u0625\u0644\u0649 \u0645\u0639\u0628\u0631 \u0628\u0635\u0631\u0649 \u0627\u0644\u0634\u0627\u0645 \u0627\u0644\u0625\u0646\u0633\u0627\u0646\u064a \u0641\u064a \u0637\u0631\u064a\u0642\u0647\u0627 \u0627\u0644\u0633\u0648\u064a\u062f\u0627\u0621.\" src=\"https:\/\/www.youtube.com\/embed\/xmOj4NatBf4\" width=\"620\" height=\"348\" frameborder=\"0\" allowfullscreen=\"allowfullscreen\"><\/iframe><\/p>\n","protected":false},"excerpt":{"rendered":"<p>DERA (SANA) &#8211; \u00a0G\u0131da, yard\u0131m ve t\u0131bbi malzeme ta\u015f\u0131yan yeni bir yard\u0131m konvoyu, bu sabah Dera k\u0131rsal\u0131n\u0131n do\u011fusundaki Busra El \u015eam insani yard\u0131m ge\u00e7i\u015f noktas\u0131na ula\u015ft\u0131 ve S\u00fcveyda vilayetine do\u011fru yola \u00e7\u0131kt\u0131. Suriye Arap K\u0131z\u0131lay\u0131&#8217;na ba\u011fl\u0131 konvoy, uluslararas\u0131 kurulu\u015flar, Suriye h\u00fck\u00fcmeti ve yerel halk\u0131n ortak \u00e7al\u0131\u015fmas\u0131yla ger\u00e7ekle\u015fti, konvoyda 200 ton un, 2.000 bar\u0131nma kiti, 1.000 &hellip;<\/p>\n","protected":false},"author":36,"featured_media":326600,"comment_status":"closed","ping_status":"closed","sticky":false,"template":"","format":"standard","meta":{"footnotes":""},"categories":[479,17988,478],"tags":[],"class_list":["post-326597","post","type-post","status-publish","format-standard","has-post-thumbnail","","category-haberler-yerel","category-son-haberler","category-yerel"],"_links":{"self":[{"href":"https:\/\/archive.sana.sy\/tr\/index.php?rest_route=\/wp\/v2\/posts\/326597","targetHints":{"allow":["GET"]}}],"collection":[{"href":"https:\/\/archive.sana.sy\/tr\/index.php?rest_route=\/wp\/v2\/posts"}],"about":[{"href":"https:\/\/archive.sana.sy\/tr\/index.php?rest_route=\/wp\/v2\/types\/post"}],"author":[{"embeddable":true,"href":"https:\/\/archive.sana.sy\/tr\/index.php?rest_route=\/wp\/v2\/users\/36"}],"replies":[{"embeddable":true,"href":"https:\/\/archive.sana.sy\/tr\/index.php?rest_route=%2Fwp%2Fv2%2Fcomments&post=326597"}],"version-history":[{"count":3,"href":"https:\/\/archive.sana.sy\/tr\/index.php?rest_route=\/wp\/v2\/posts\/326597\/revisions"}],"predecessor-version":[{"id":326604,"href":"https:\/\/archive.sana.sy\/tr\/index.php?rest_route=\/wp\/v2\/posts\/326597\/revisions\/326604"}],"wp:featuredmedia":[{"embeddable":true,"href":"https:\/\/archive.sana.sy\/tr\/index.php?rest_route=\/wp\/v2\/media\/326600"}],"wp:attachment":[{"href":"https:\/\/archive.sana.sy\/tr\/index.php?rest_route=%2Fwp%2Fv2%2Fmedia&parent=326597"}],"wp:term":[{"taxonomy":"category","embeddable":true,"href":"https:\/\/archive.sana.sy\/tr\/index.php?rest_route=%2Fwp%2Fv2%2Fcategories&post=326597"},{"taxonomy":"post_tag","embeddable":true,"href":"https:\/\/archive.sana.sy\/tr\/index.php?rest_route=%2Fwp%2Fv2%2Ftags&post=326597"}],"curies":[{"name":"wp","href":"https:\/\/api.w.org\/{rel}","templated":true}]}}