{"id":326605,"date":"2025-07-28T06:56:18","date_gmt":"2025-07-28T03:56:18","guid":{"rendered":"https:\/\/sana.sy\/tr\/?p=326605"},"modified":"2025-07-28T14:56:58","modified_gmt":"2025-07-28T11:56:58","slug":"erdogan-turkiye-ormanlari-yanginlardan-korumak-icin-surekli-teyakkuzda","status":"publish","type":"post","link":"https:\/\/archive.sana.sy\/tr\/?p=326605","title":{"rendered":"Erdo\u011fan: T\u00fcrkiye Ormanlar\u0131 Yang\u0131nlardan Korumak I\u00e7in S\u00fcrekli Teyakkuzda"},"content":{"rendered":"<p style=\"text-align: justify;\"><span style=\"color: #ff0000;\"><strong>ANKARA (SANA)<\/strong><\/span> &#8211;\u00a0 T\u00fcrkiye Cumhurba\u015fkan\u0131 Recep Tayyip Erdo\u011fan, T\u00fcrkiye&#8217;nin havadan ve karadan orman yang\u0131nlar\u0131n\u0131 s\u00f6nd\u00fcrmek i\u00e7in b\u00fcy\u00fck \u00e7aba sarf etti\u011fini s\u00f6yledi.<\/p>\n<p style=\"text-align: justify;\">Anadolu Ajans\u0131, Erdo\u011fan&#8217;\u0131n X platformunda yapt\u0131\u011f\u0131 payla\u015f\u0131mda \u015funlar\u0131 s\u00f6yledi\u011fini aktard\u0131: \u2018\u2019T\u00fcrkiye, ormanlar\u0131 yang\u0131nlardan korumak i\u00e7in 27 u\u00e7ak, 105 helikopter, 25.000 orman i\u015f\u00e7isi ve 132.000 g\u00f6n\u00fcll\u00fcyle s\u00fcrekli teyakkuzda.\u2019\u2019<\/p>\n<p style=\"text-align: justify;\">Erdo\u011fan, itfaiye ekiplerinin yaz ba\u015f\u0131ndan bu yana T\u00fcrkiye&#8217;de 3.062 yang\u0131n\u0131 s\u00f6nd\u00fcrd\u00fc\u011f\u00fcn\u00fc do\u011frulayarak, itfaiyecilere \u00fclke genelindeki yang\u0131nlar\u0131 s\u00f6nd\u00fcrme \u00e7al\u0131\u015fmalar\u0131nda ba\u015far\u0131lar diledi.<\/p>\n","protected":false},"excerpt":{"rendered":"<p>ANKARA (SANA) &#8211;\u00a0 T\u00fcrkiye Cumhurba\u015fkan\u0131 Recep Tayyip Erdo\u011fan, T\u00fcrkiye&#8217;nin havadan ve karadan orman yang\u0131nlar\u0131n\u0131 s\u00f6nd\u00fcrmek i\u00e7in b\u00fcy\u00fck \u00e7aba sarf etti\u011fini s\u00f6yledi. Anadolu Ajans\u0131, Erdo\u011fan&#8217;\u0131n X platformunda yapt\u0131\u011f\u0131 payla\u015f\u0131mda \u015funlar\u0131 s\u00f6yledi\u011fini aktard\u0131: \u2018\u2019T\u00fcrkiye, ormanlar\u0131 yang\u0131nlardan korumak i\u00e7in 27 u\u00e7ak, 105 helikopter, 25.000 orman i\u015f\u00e7isi ve 132.000 g\u00f6n\u00fcll\u00fcyle s\u00fcrekli teyakkuzda.\u2019\u2019 Erdo\u011fan, itfaiye ekiplerinin yaz ba\u015f\u0131ndan bu yana &hellip;<\/p>\n","protected":false},"author":41,"featured_media":326606,"comment_status":"closed","ping_status":"closed","sticky":false,"template":"","format":"standard","meta":{"footnotes":""},"categories":[458,589,459,17988],"tags":[],"class_list":["post-326605","post","type-post","status-publish","format-standard","has-post-thumbnail","","category-dunya1","category-haber-seridi","category-haberler-arap-uluslararasi-politika","category-son-haberler"],"_links":{"self":[{"href":"https:\/\/archive.sana.sy\/tr\/index.php?rest_route=\/wp\/v2\/posts\/326605","targetHints":{"allow":["GET"]}}],"collection":[{"href":"https:\/\/archive.sana.sy\/tr\/index.php?rest_route=\/wp\/v2\/posts"}],"about":[{"href":"https:\/\/archive.sana.sy\/tr\/index.php?rest_route=\/wp\/v2\/types\/post"}],"author":[{"embeddable":true,"href":"https:\/\/archive.sana.sy\/tr\/index.php?rest_route=\/wp\/v2\/users\/41"}],"replies":[{"embeddable":true,"href":"https:\/\/archive.sana.sy\/tr\/index.php?rest_route=%2Fwp%2Fv2%2Fcomments&post=326605"}],"version-history":[{"count":1,"href":"https:\/\/archive.sana.sy\/tr\/index.php?rest_route=\/wp\/v2\/posts\/326605\/revisions"}],"predecessor-version":[{"id":326607,"href":"https:\/\/archive.sana.sy\/tr\/index.php?rest_route=\/wp\/v2\/posts\/326605\/revisions\/326607"}],"wp:featuredmedia":[{"embeddable":true,"href":"https:\/\/archive.sana.sy\/tr\/index.php?rest_route=\/wp\/v2\/media\/326606"}],"wp:attachment":[{"href":"https:\/\/archive.sana.sy\/tr\/index.php?rest_route=%2Fwp%2Fv2%2Fmedia&parent=326605"}],"wp:term":[{"taxonomy":"category","embeddable":true,"href":"https:\/\/archive.sana.sy\/tr\/index.php?rest_route=%2Fwp%2Fv2%2Fcategories&post=326605"},{"taxonomy":"post_tag","embeddable":true,"href":"https:\/\/archive.sana.sy\/tr\/index.php?rest_route=%2Fwp%2Fv2%2Ftags&post=326605"}],"curies":[{"name":"wp","href":"https:\/\/api.w.org\/{rel}","templated":true}]}}