{"id":326608,"date":"2025-07-28T08:35:18","date_gmt":"2025-07-28T05:35:18","guid":{"rendered":"https:\/\/sana.sy\/tr\/?p=326608"},"modified":"2025-07-28T16:36:09","modified_gmt":"2025-07-28T13:36:09","slug":"japonyanin-kuzeyindeki-hokkaidoda-57-buyuklugunde-deprem-meydana-geldi","status":"publish","type":"post","link":"https:\/\/archive.sana.sy\/tr\/?p=326608","title":{"rendered":"Japonya&#8217;n\u0131n Kuzeyindeki Hokkaido&#8217;da 5,7 B\u00fcy\u00fckl\u00fc\u011f\u00fcnde Deprem Meydana Geldi"},"content":{"rendered":"<p style=\"text-align: justify;\"><span style=\"color: #ff0000;\"><strong>TOKYO (SANA) &#8211;<\/strong><\/span>\u00a0 Japonya&#8217;n\u0131n en kuzeydeki adas\u0131 Hokkaido&#8217;nun do\u011fu k\u0131y\u0131s\u0131 a\u00e7\u0131klar\u0131nda bug\u00fcn 5,7 b\u00fcy\u00fckl\u00fc\u011f\u00fcnde bir deprem meydana geldi.<\/p>\n<p style=\"text-align: justify;\">Ulusal Yer Bilimleri ve Afet Dayan\u0131kl\u0131l\u0131\u011f\u0131 Enstit\u00fcs\u00fc (NIED), yerel saatle 00:00 civar\u0131nda meydana gelen depremin Hokkaido&#8217;nun do\u011fu k\u0131y\u0131s\u0131n\u0131n 56 kilometre a\u00e7\u0131\u011f\u0131nda meydana geldi\u011fini bildirdi.<\/p>\n<p style=\"text-align: justify;\">Japonya Meteoroloji \u0130daresi, depremin b\u00fcy\u00fckl\u00fc\u011f\u00fcn\u00fc 5,3 olarak a\u00e7\u0131klad\u0131 ve \u015fiddet ve derinli\u011fin daha sonra g\u00fcncellenece\u011fini belirtti.<\/p>\n<p style=\"text-align: justify;\">Tsunami uyar\u0131s\u0131 yap\u0131lmad\u0131 ve bu depremde herhangi bir yaralanma veya \u00f6nemli hasar bildirilmedi.<\/p>\n","protected":false},"excerpt":{"rendered":"<p>TOKYO (SANA) &#8211;\u00a0 Japonya&#8217;n\u0131n en kuzeydeki adas\u0131 Hokkaido&#8217;nun do\u011fu k\u0131y\u0131s\u0131 a\u00e7\u0131klar\u0131nda bug\u00fcn 5,7 b\u00fcy\u00fckl\u00fc\u011f\u00fcnde bir deprem meydana geldi. Ulusal Yer Bilimleri ve Afet Dayan\u0131kl\u0131l\u0131\u011f\u0131 Enstit\u00fcs\u00fc (NIED), yerel saatle 00:00 civar\u0131nda meydana gelen depremin Hokkaido&#8217;nun do\u011fu k\u0131y\u0131s\u0131n\u0131n 56 kilometre a\u00e7\u0131\u011f\u0131nda meydana geldi\u011fini bildirdi. Japonya Meteoroloji \u0130daresi, depremin b\u00fcy\u00fckl\u00fc\u011f\u00fcn\u00fc 5,3 olarak a\u00e7\u0131klad\u0131 ve \u015fiddet ve derinli\u011fin daha &hellip;<\/p>\n","protected":false},"author":41,"featured_media":326609,"comment_status":"closed","ping_status":"closed","sticky":false,"template":"","format":"standard","meta":{"footnotes":""},"categories":[458,589,459,17988],"tags":[],"class_list":["post-326608","post","type-post","status-publish","format-standard","has-post-thumbnail","","category-dunya1","category-haber-seridi","category-haberler-arap-uluslararasi-politika","category-son-haberler"],"_links":{"self":[{"href":"https:\/\/archive.sana.sy\/tr\/index.php?rest_route=\/wp\/v2\/posts\/326608","targetHints":{"allow":["GET"]}}],"collection":[{"href":"https:\/\/archive.sana.sy\/tr\/index.php?rest_route=\/wp\/v2\/posts"}],"about":[{"href":"https:\/\/archive.sana.sy\/tr\/index.php?rest_route=\/wp\/v2\/types\/post"}],"author":[{"embeddable":true,"href":"https:\/\/archive.sana.sy\/tr\/index.php?rest_route=\/wp\/v2\/users\/41"}],"replies":[{"embeddable":true,"href":"https:\/\/archive.sana.sy\/tr\/index.php?rest_route=%2Fwp%2Fv2%2Fcomments&post=326608"}],"version-history":[{"count":1,"href":"https:\/\/archive.sana.sy\/tr\/index.php?rest_route=\/wp\/v2\/posts\/326608\/revisions"}],"predecessor-version":[{"id":326610,"href":"https:\/\/archive.sana.sy\/tr\/index.php?rest_route=\/wp\/v2\/posts\/326608\/revisions\/326610"}],"wp:featuredmedia":[{"embeddable":true,"href":"https:\/\/archive.sana.sy\/tr\/index.php?rest_route=\/wp\/v2\/media\/326609"}],"wp:attachment":[{"href":"https:\/\/archive.sana.sy\/tr\/index.php?rest_route=%2Fwp%2Fv2%2Fmedia&parent=326608"}],"wp:term":[{"taxonomy":"category","embeddable":true,"href":"https:\/\/archive.sana.sy\/tr\/index.php?rest_route=%2Fwp%2Fv2%2Fcategories&post=326608"},{"taxonomy":"post_tag","embeddable":true,"href":"https:\/\/archive.sana.sy\/tr\/index.php?rest_route=%2Fwp%2Fv2%2Ftags&post=326608"}],"curies":[{"name":"wp","href":"https:\/\/api.w.org\/{rel}","templated":true}]}}