{"id":326611,"date":"2025-07-28T16:42:10","date_gmt":"2025-07-28T13:42:10","guid":{"rendered":"https:\/\/sana.sy\/tr\/?p=326611"},"modified":"2025-07-28T16:42:10","modified_gmt":"2025-07-28T13:42:10","slug":"guterres-aclik-bir-savas-silahi-olarak-kullanilmamali","status":"publish","type":"post","link":"https:\/\/archive.sana.sy\/tr\/?p=326611","title":{"rendered":"Guterres: A\u00e7l\u0131k Bir Sava\u015f Silah\u0131 Olarak Kullan\u0131lmamal\u0131"},"content":{"rendered":"<p style=\"text-align: justify;\"><span style=\"color: #ff0000;\"><strong>NEW YORK (SANA)<\/strong><\/span> &#8211;\u00a0 BM Genel Sekreteri Ant\u00f3nio Guterres, a\u00e7l\u0131\u011f\u0131n insanlara kar\u015f\u0131 bir sava\u015f silah\u0131 olarak kullan\u0131lmamas\u0131 gerekti\u011fini vurgulad\u0131.<\/p>\n<p style=\"text-align: justify;\">Etiyopya&#8217;daki BM G\u0131da Sistemleri Konferans\u0131&#8217;nda yapt\u0131\u011f\u0131 video konu\u015fmas\u0131nda Guterres, &#8220;\u00c7at\u0131\u015fmalar Gazze&#8217;de ve di\u011fer yerlerde a\u00e7l\u0131\u011f\u0131 yaymaya devam ediyor ve a\u00e7l\u0131k da istikrars\u0131zl\u0131\u011f\u0131 k\u00f6r\u00fckl\u00fcyor ve bar\u0131\u015f\u0131 baltal\u0131yor. A\u00e7l\u0131\u011f\u0131n bir sava\u015f silah\u0131 olarak kullan\u0131lmas\u0131n\u0131 asla kabul etmemeliyiz&#8221; dedi.<\/p>\n","protected":false},"excerpt":{"rendered":"<p>NEW YORK (SANA) &#8211;\u00a0 BM Genel Sekreteri Ant\u00f3nio Guterres, a\u00e7l\u0131\u011f\u0131n insanlara kar\u015f\u0131 bir sava\u015f silah\u0131 olarak kullan\u0131lmamas\u0131 gerekti\u011fini vurgulad\u0131. Etiyopya&#8217;daki BM G\u0131da Sistemleri Konferans\u0131&#8217;nda yapt\u0131\u011f\u0131 video konu\u015fmas\u0131nda Guterres, &#8220;\u00c7at\u0131\u015fmalar Gazze&#8217;de ve di\u011fer yerlerde a\u00e7l\u0131\u011f\u0131 yaymaya devam ediyor ve a\u00e7l\u0131k da istikrars\u0131zl\u0131\u011f\u0131 k\u00f6r\u00fckl\u00fcyor ve bar\u0131\u015f\u0131 baltal\u0131yor. A\u00e7l\u0131\u011f\u0131n bir sava\u015f silah\u0131 olarak kullan\u0131lmas\u0131n\u0131 asla kabul etmemeliyiz&#8221; dedi.<\/p>\n","protected":false},"author":41,"featured_media":326612,"comment_status":"closed","ping_status":"closed","sticky":false,"template":"","format":"standard","meta":{"footnotes":""},"categories":[458,589,459,17988],"tags":[],"class_list":["post-326611","post","type-post","status-publish","format-standard","has-post-thumbnail","","category-dunya1","category-haber-seridi","category-haberler-arap-uluslararasi-politika","category-son-haberler"],"_links":{"self":[{"href":"https:\/\/archive.sana.sy\/tr\/index.php?rest_route=\/wp\/v2\/posts\/326611","targetHints":{"allow":["GET"]}}],"collection":[{"href":"https:\/\/archive.sana.sy\/tr\/index.php?rest_route=\/wp\/v2\/posts"}],"about":[{"href":"https:\/\/archive.sana.sy\/tr\/index.php?rest_route=\/wp\/v2\/types\/post"}],"author":[{"embeddable":true,"href":"https:\/\/archive.sana.sy\/tr\/index.php?rest_route=\/wp\/v2\/users\/41"}],"replies":[{"embeddable":true,"href":"https:\/\/archive.sana.sy\/tr\/index.php?rest_route=%2Fwp%2Fv2%2Fcomments&post=326611"}],"version-history":[{"count":1,"href":"https:\/\/archive.sana.sy\/tr\/index.php?rest_route=\/wp\/v2\/posts\/326611\/revisions"}],"predecessor-version":[{"id":326613,"href":"https:\/\/archive.sana.sy\/tr\/index.php?rest_route=\/wp\/v2\/posts\/326611\/revisions\/326613"}],"wp:featuredmedia":[{"embeddable":true,"href":"https:\/\/archive.sana.sy\/tr\/index.php?rest_route=\/wp\/v2\/media\/326612"}],"wp:attachment":[{"href":"https:\/\/archive.sana.sy\/tr\/index.php?rest_route=%2Fwp%2Fv2%2Fmedia&parent=326611"}],"wp:term":[{"taxonomy":"category","embeddable":true,"href":"https:\/\/archive.sana.sy\/tr\/index.php?rest_route=%2Fwp%2Fv2%2Fcategories&post=326611"},{"taxonomy":"post_tag","embeddable":true,"href":"https:\/\/archive.sana.sy\/tr\/index.php?rest_route=%2Fwp%2Fv2%2Ftags&post=326611"}],"curies":[{"name":"wp","href":"https:\/\/api.w.org\/{rel}","templated":true}]}}