{"id":326614,"date":"2025-07-28T18:23:28","date_gmt":"2025-07-28T15:23:28","guid":{"rendered":"https:\/\/sana.sy\/tr\/?p=326614"},"modified":"2025-07-28T18:23:28","modified_gmt":"2025-07-28T15:23:28","slug":"halep-ic-guvenlik-bakanligi-devrik-rejim-pilotu-tumgeneral-imad-nafouriyi-tutukladi","status":"publish","type":"post","link":"https:\/\/archive.sana.sy\/tr\/?p=326614","title":{"rendered":"Halep \u0130\u00e7 G\u00fcvenlik Bakanl\u0131\u011f\u0131, Devrik Rejim Pilotu T\u00fcmgeneral \u0130mad Nafouri&#8217;yi Tutuklad\u0131"},"content":{"rendered":"<p style=\"text-align: justify;\"><span style=\"color: #ff0000;\"><strong>HALEP (SANA)<\/strong> <\/span>&#8211; Halep Valili\u011fi \u0130\u00e7 G\u00fcvenlik Komutanl\u0131\u011f\u0131, devrik rejim pilotu T\u00fcmgeneral \u0130mad Nafuri&#8217;yi \u00fclkeden ka\u00e7\u0131\u015f haz\u0131rl\u0131klar\u0131 kapsam\u0131nda sahte belgeler elde etmeye \u00e7al\u0131\u015f\u0131rken tutuklad\u0131. Nafuri, Halep&#8217;te bir konutta saklan\u0131yordu.<\/p>\n<p style=\"text-align: justify;\">Su\u00e7lu, isyanc\u0131 \u015fehir ve k\u00f6ylerin bombalanmas\u0131nda rol alan en \u00f6nemli subaylardan biri olarak kabul ediliyor. 17. Hava Tugay\u0131 Komutan\u0131, Hava Harek\u00e2t Dairesi Ba\u015fkan\u0131 ve Hava Kuvvetleri Kurmay Ba\u015fkan\u0131 olmak \u00fczere bir\u00e7ok g\u00f6revde bulundu. Su\u00e7lu, memleketi El Nebk&#8217;i hedef almak da dahil olmak \u00fczere sivillerin katledilmesiyle sonu\u00e7lanan \u00e7ok say\u0131da hava sald\u0131r\u0131s\u0131 d\u00fczenledi.<\/p>\n<p style=\"text-align: justify;\">Hakk\u0131ndaki yasal i\u015flemleri tamamlamak \u00fczere yetkili yarg\u0131 \u00f6n\u00fcne \u00e7\u0131kar\u0131lacak.<\/p>\n","protected":false},"excerpt":{"rendered":"<p>HALEP (SANA) &#8211; Halep Valili\u011fi \u0130\u00e7 G\u00fcvenlik Komutanl\u0131\u011f\u0131, devrik rejim pilotu T\u00fcmgeneral \u0130mad Nafuri&#8217;yi \u00fclkeden ka\u00e7\u0131\u015f haz\u0131rl\u0131klar\u0131 kapsam\u0131nda sahte belgeler elde etmeye \u00e7al\u0131\u015f\u0131rken tutuklad\u0131. Nafuri, Halep&#8217;te bir konutta saklan\u0131yordu. Su\u00e7lu, isyanc\u0131 \u015fehir ve k\u00f6ylerin bombalanmas\u0131nda rol alan en \u00f6nemli subaylardan biri olarak kabul ediliyor. 17. Hava Tugay\u0131 Komutan\u0131, Hava Harek\u00e2t Dairesi Ba\u015fkan\u0131 ve Hava Kuvvetleri &hellip;<\/p>\n","protected":false},"author":41,"featured_media":326615,"comment_status":"closed","ping_status":"closed","sticky":false,"template":"","format":"standard","meta":{"footnotes":""},"categories":[589,479,17988,478],"tags":[],"class_list":["post-326614","post","type-post","status-publish","format-standard","has-post-thumbnail","","category-haber-seridi","category-haberler-yerel","category-son-haberler","category-yerel"],"_links":{"self":[{"href":"https:\/\/archive.sana.sy\/tr\/index.php?rest_route=\/wp\/v2\/posts\/326614","targetHints":{"allow":["GET"]}}],"collection":[{"href":"https:\/\/archive.sana.sy\/tr\/index.php?rest_route=\/wp\/v2\/posts"}],"about":[{"href":"https:\/\/archive.sana.sy\/tr\/index.php?rest_route=\/wp\/v2\/types\/post"}],"author":[{"embeddable":true,"href":"https:\/\/archive.sana.sy\/tr\/index.php?rest_route=\/wp\/v2\/users\/41"}],"replies":[{"embeddable":true,"href":"https:\/\/archive.sana.sy\/tr\/index.php?rest_route=%2Fwp%2Fv2%2Fcomments&post=326614"}],"version-history":[{"count":1,"href":"https:\/\/archive.sana.sy\/tr\/index.php?rest_route=\/wp\/v2\/posts\/326614\/revisions"}],"predecessor-version":[{"id":326616,"href":"https:\/\/archive.sana.sy\/tr\/index.php?rest_route=\/wp\/v2\/posts\/326614\/revisions\/326616"}],"wp:featuredmedia":[{"embeddable":true,"href":"https:\/\/archive.sana.sy\/tr\/index.php?rest_route=\/wp\/v2\/media\/326615"}],"wp:attachment":[{"href":"https:\/\/archive.sana.sy\/tr\/index.php?rest_route=%2Fwp%2Fv2%2Fmedia&parent=326614"}],"wp:term":[{"taxonomy":"category","embeddable":true,"href":"https:\/\/archive.sana.sy\/tr\/index.php?rest_route=%2Fwp%2Fv2%2Fcategories&post=326614"},{"taxonomy":"post_tag","embeddable":true,"href":"https:\/\/archive.sana.sy\/tr\/index.php?rest_route=%2Fwp%2Fv2%2Ftags&post=326614"}],"curies":[{"name":"wp","href":"https:\/\/api.w.org\/{rel}","templated":true}]}}