{"id":326617,"date":"2025-07-28T19:21:47","date_gmt":"2025-07-28T16:21:47","guid":{"rendered":"https:\/\/sana.sy\/tr\/?p=326617"},"modified":"2025-07-30T10:12:05","modified_gmt":"2025-07-30T07:12:05","slug":"suriye-ve-hindistan-ikili-iliskilerin-guclendirilmesini-gorustu","status":"publish","type":"post","link":"https:\/\/archive.sana.sy\/tr\/?p=326617","title":{"rendered":"Suriye Ve Hindistan \u0130kili \u0130li\u015fkilerin G\u00fc\u00e7lendirilmesini G\u00f6r\u00fc\u015ft\u00fc"},"content":{"rendered":"<p style=\"text-align: justify;\"><span style=\"color: #ff0000;\"><strong>\u015eAM (SANA)<\/strong> &#8211;<\/span> D\u0131\u015fi\u015fleri ve Gurbet\u00e7iler Bakan\u0131 Asaad Hasan El \u015eeybani, Hindistan D\u0131\u015fi\u015fleri Bakanl\u0131\u011f\u0131 Bat\u0131 Asya ve Kuzey Afrika Dairesi M\u00fcd\u00fcr\u00fc Suresh Kumar ba\u015fkanl\u0131\u011f\u0131ndaki bir Hint heyetini \u015eam&#8217;da kabul etti.<\/p>\n<p style=\"text-align: justify;\">G\u00f6r\u00fc\u015fmede, ortak ilgi alanlar\u0131 ve iki \u00fclke aras\u0131ndaki ili\u015fkilerin her iki halk\u0131n \u00e7\u0131karlar\u0131na hizmet edecek \u015fekilde g\u00fc\u00e7lendirilmesinin yollar\u0131 ele al\u0131nd\u0131.<\/p>\n<div id='gallery-1' class='gallery galleryid-326617 gallery-columns-1 gallery-size-full'><figure class='gallery-item'>\n\t\t\t<div class='gallery-icon landscape'>\n\t\t\t\t<a href='https:\/\/archive.sana.sy\/tr\/?attachment_id=326619'><img loading=\"lazy\" decoding=\"async\" width=\"1536\" height=\"864\" src=\"https:\/\/archive.sana.sy\/tr\/wp-content\/uploads\/2025\/07\/photo_2025-07-28_19-02-01-1536x864-1.jpg\" class=\"attachment-full size-full\" alt=\"\" srcset=\"https:\/\/archive.sana.sy\/tr\/wp-content\/uploads\/2025\/07\/photo_2025-07-28_19-02-01-1536x864-1.jpg 1536w, https:\/\/archive.sana.sy\/tr\/wp-content\/uploads\/2025\/07\/photo_2025-07-28_19-02-01-1536x864-1-300x169.jpg 300w, https:\/\/archive.sana.sy\/tr\/wp-content\/uploads\/2025\/07\/photo_2025-07-28_19-02-01-1536x864-1-1024x576.jpg 1024w, https:\/\/archive.sana.sy\/tr\/wp-content\/uploads\/2025\/07\/photo_2025-07-28_19-02-01-1536x864-1-768x432.jpg 768w\" sizes=\"auto, (max-width: 1536px) 100vw, 1536px\" \/><\/a>\n\t\t\t<\/div><\/figure><figure class='gallery-item'>\n\t\t\t<div class='gallery-icon landscape'>\n\t\t\t\t<a href='https:\/\/archive.sana.sy\/tr\/?attachment_id=326620'><img loading=\"lazy\" decoding=\"async\" width=\"1536\" height=\"864\" src=\"https:\/\/archive.sana.sy\/tr\/wp-content\/uploads\/2025\/07\/photo_2025-07-28_19-02-21-1536x864-1.jpg\" class=\"attachment-full size-full\" alt=\"\" srcset=\"https:\/\/archive.sana.sy\/tr\/wp-content\/uploads\/2025\/07\/photo_2025-07-28_19-02-21-1536x864-1.jpg 1536w, https:\/\/archive.sana.sy\/tr\/wp-content\/uploads\/2025\/07\/photo_2025-07-28_19-02-21-1536x864-1-300x169.jpg 300w, https:\/\/archive.sana.sy\/tr\/wp-content\/uploads\/2025\/07\/photo_2025-07-28_19-02-21-1536x864-1-1024x576.jpg 1024w, https:\/\/archive.sana.sy\/tr\/wp-content\/uploads\/2025\/07\/photo_2025-07-28_19-02-21-1536x864-1-768x432.jpg 768w\" sizes=\"auto, (max-width: 1536px) 100vw, 1536px\" \/><\/a>\n\t\t\t<\/div><\/figure>\n\t\t<\/div>\n\n","protected":false},"excerpt":{"rendered":"<p>\u015eAM (SANA) &#8211; D\u0131\u015fi\u015fleri ve Gurbet\u00e7iler Bakan\u0131 Asaad Hasan El \u015eeybani, Hindistan D\u0131\u015fi\u015fleri Bakanl\u0131\u011f\u0131 Bat\u0131 Asya ve Kuzey Afrika Dairesi M\u00fcd\u00fcr\u00fc Suresh Kumar ba\u015fkanl\u0131\u011f\u0131ndaki bir Hint heyetini \u015eam&#8217;da kabul etti. G\u00f6r\u00fc\u015fmede, ortak ilgi alanlar\u0131 ve iki \u00fclke aras\u0131ndaki ili\u015fkilerin her iki halk\u0131n \u00e7\u0131karlar\u0131na hizmet edecek \u015fekilde g\u00fc\u00e7lendirilmesinin yollar\u0131 ele al\u0131nd\u0131.<\/p>\n","protected":false},"author":41,"featured_media":326618,"comment_status":"closed","ping_status":"closed","sticky":false,"template":"","format":"standard","meta":{"footnotes":""},"categories":[479,17988,478],"tags":[],"class_list":["post-326617","post","type-post","status-publish","format-standard","has-post-thumbnail","","category-haberler-yerel","category-son-haberler","category-yerel"],"_links":{"self":[{"href":"https:\/\/archive.sana.sy\/tr\/index.php?rest_route=\/wp\/v2\/posts\/326617","targetHints":{"allow":["GET"]}}],"collection":[{"href":"https:\/\/archive.sana.sy\/tr\/index.php?rest_route=\/wp\/v2\/posts"}],"about":[{"href":"https:\/\/archive.sana.sy\/tr\/index.php?rest_route=\/wp\/v2\/types\/post"}],"author":[{"embeddable":true,"href":"https:\/\/archive.sana.sy\/tr\/index.php?rest_route=\/wp\/v2\/users\/41"}],"replies":[{"embeddable":true,"href":"https:\/\/archive.sana.sy\/tr\/index.php?rest_route=%2Fwp%2Fv2%2Fcomments&post=326617"}],"version-history":[{"count":1,"href":"https:\/\/archive.sana.sy\/tr\/index.php?rest_route=\/wp\/v2\/posts\/326617\/revisions"}],"predecessor-version":[{"id":326621,"href":"https:\/\/archive.sana.sy\/tr\/index.php?rest_route=\/wp\/v2\/posts\/326617\/revisions\/326621"}],"wp:featuredmedia":[{"embeddable":true,"href":"https:\/\/archive.sana.sy\/tr\/index.php?rest_route=\/wp\/v2\/media\/326618"}],"wp:attachment":[{"href":"https:\/\/archive.sana.sy\/tr\/index.php?rest_route=%2Fwp%2Fv2%2Fmedia&parent=326617"}],"wp:term":[{"taxonomy":"category","embeddable":true,"href":"https:\/\/archive.sana.sy\/tr\/index.php?rest_route=%2Fwp%2Fv2%2Fcategories&post=326617"},{"taxonomy":"post_tag","embeddable":true,"href":"https:\/\/archive.sana.sy\/tr\/index.php?rest_route=%2Fwp%2Fv2%2Ftags&post=326617"}],"curies":[{"name":"wp","href":"https:\/\/api.w.org\/{rel}","templated":true}]}}