{"id":326622,"date":"2025-07-28T19:30:52","date_gmt":"2025-07-28T16:30:52","guid":{"rendered":"https:\/\/sana.sy\/tr\/?p=326622"},"modified":"2025-07-28T19:31:29","modified_gmt":"2025-07-28T16:31:29","slug":"suriye-saglik-bakani-hindistan-heyetiyle-ilac-sanayi-ve-tibbi-egitim-alanlarinda-is-birligini-guclendirme-konusunu-gorustu","status":"publish","type":"post","link":"https:\/\/archive.sana.sy\/tr\/?p=326622","title":{"rendered":"Suriye Sa\u011fl\u0131k Bakan\u0131, Hindistan Heyetiyle \u0130la\u00e7 Sanayi Ve T\u0131bbi E\u011fitim Alanlar\u0131nda \u0130\u015f Birli\u011fini G\u00fc\u00e7lendirme Konusunu G\u00f6r\u00fc\u015ft\u00fc"},"content":{"rendered":"<p style=\"text-align: justify;\"><span style=\"color: #ff0000;\"><strong>\u015eAM (SANA)<\/strong> <\/span>&#8211;\u00a0 Suriye Sa\u011fl\u0131k Bakan\u0131 Dr. Musab El Ali, Hindistan D\u0131\u015fi\u015fleri Bakanl\u0131\u011f\u0131 Bat\u0131 Asya ve Kuzey Afrika \u0130\u015flerinden Sorumlu Direkt\u00f6r\u00fc Suresh Kumar ba\u015fkanl\u0131\u011f\u0131ndaki Hint heyetiyle, sa\u011fl\u0131k alan\u0131nda \u00f6zellikle ila\u00e7 sanayi ve t\u0131bbi e\u011fitim konular\u0131nda i\u015f birli\u011fini g\u00fc\u00e7lendirme yollar\u0131n\u0131 ele ald\u0131.<\/p>\n<p style=\"text-align: justify;\"><img loading=\"lazy\" decoding=\"async\" class=\"size-full wp-image-326624 alignright\" src=\"http:\/\/sana.sy\/tr\/wp-content\/uploads\/2025\/07\/\u0635\u0635-2-300x200-1.jpg\" alt=\"\" width=\"300\" height=\"200\" \/>Bug\u00fcn bakanl\u0131k binas\u0131nda ger\u00e7ekle\u015ftirilen g\u00f6r\u00fc\u015fmede taraflar, Suriyeli \u00f6\u011frencilere y\u00f6nelik burs program\u0131n\u0131n uygulanma mekanizmalar\u0131n\u0131 ve kamu \u00e7al\u0131\u015fanlar\u0131na y\u00f6nelik \u00f6zel bir m\u00fchendislik i\u015f birli\u011fi program\u0131n\u0131n tahsis edilmesini de g\u00f6r\u00fc\u015ft\u00fcler.<\/p>\n<p style=\"text-align: justify;\">Bakan El Ali, Hindistan\u2019\u0131n \u00f6nde gelen bir ekonomik g\u00fcce sahip oldu\u011funu belirterek, Suriye\u2019nin \u00f6zellikle ila\u00e7 sanayi ve sa\u011fl\u0131k teknolojileri alan\u0131nda Hindistan ile g\u00fc\u00e7l\u00fc bir ortakl\u0131k kurma arzusunda oldu\u011funu ve bu i\u015f birli\u011finin ulusal sa\u011fl\u0131k sekt\u00f6r\u00fcn\u00fc destekleyerek ila\u00e7 temininde katk\u0131 sa\u011flayaca\u011f\u0131n\u0131 vurgulad\u0131.<\/p>\n<p style=\"text-align: justify;\">Kumar ise Hindistan h\u00fck\u00fcmetinin Suriyeli sa\u011fl\u0131k personeline y\u00f6nelik uzmanl\u0131k e\u011fitim kurslar\u0131n\u0131 finanse etmeye devam edece\u011fini, Suriyeli doktorlar\u0131n Hindistan\u2019daki merkezlerde e\u011fitim almas\u0131n\u0131n sa\u011flanaca\u011f\u0131n\u0131 ve hem\u015firelik, ila\u00e7 sanayi ve ila\u00e7 ihracat\u0131 alanlar\u0131nda i\u015f birli\u011finin art\u0131r\u0131laca\u011f\u0131n\u0131 ifade etti.<\/p>\n","protected":false},"excerpt":{"rendered":"<p>\u015eAM (SANA) &#8211;\u00a0 Suriye Sa\u011fl\u0131k Bakan\u0131 Dr. Musab El Ali, Hindistan D\u0131\u015fi\u015fleri Bakanl\u0131\u011f\u0131 Bat\u0131 Asya ve Kuzey Afrika \u0130\u015flerinden Sorumlu Direkt\u00f6r\u00fc Suresh Kumar ba\u015fkanl\u0131\u011f\u0131ndaki Hint heyetiyle, sa\u011fl\u0131k alan\u0131nda \u00f6zellikle ila\u00e7 sanayi ve t\u0131bbi e\u011fitim konular\u0131nda i\u015f birli\u011fini g\u00fc\u00e7lendirme yollar\u0131n\u0131 ele ald\u0131. Bug\u00fcn bakanl\u0131k binas\u0131nda ger\u00e7ekle\u015ftirilen g\u00f6r\u00fc\u015fmede taraflar, Suriyeli \u00f6\u011frencilere y\u00f6nelik burs program\u0131n\u0131n uygulanma mekanizmalar\u0131n\u0131 ve &hellip;<\/p>\n","protected":false},"author":41,"featured_media":326623,"comment_status":"closed","ping_status":"closed","sticky":false,"template":"","format":"standard","meta":{"footnotes":""},"categories":[589,479,17988,478],"tags":[],"class_list":["post-326622","post","type-post","status-publish","format-standard","has-post-thumbnail","","category-haber-seridi","category-haberler-yerel","category-son-haberler","category-yerel"],"_links":{"self":[{"href":"https:\/\/archive.sana.sy\/tr\/index.php?rest_route=\/wp\/v2\/posts\/326622","targetHints":{"allow":["GET"]}}],"collection":[{"href":"https:\/\/archive.sana.sy\/tr\/index.php?rest_route=\/wp\/v2\/posts"}],"about":[{"href":"https:\/\/archive.sana.sy\/tr\/index.php?rest_route=\/wp\/v2\/types\/post"}],"author":[{"embeddable":true,"href":"https:\/\/archive.sana.sy\/tr\/index.php?rest_route=\/wp\/v2\/users\/41"}],"replies":[{"embeddable":true,"href":"https:\/\/archive.sana.sy\/tr\/index.php?rest_route=%2Fwp%2Fv2%2Fcomments&post=326622"}],"version-history":[{"count":2,"href":"https:\/\/archive.sana.sy\/tr\/index.php?rest_route=\/wp\/v2\/posts\/326622\/revisions"}],"predecessor-version":[{"id":326626,"href":"https:\/\/archive.sana.sy\/tr\/index.php?rest_route=\/wp\/v2\/posts\/326622\/revisions\/326626"}],"wp:featuredmedia":[{"embeddable":true,"href":"https:\/\/archive.sana.sy\/tr\/index.php?rest_route=\/wp\/v2\/media\/326623"}],"wp:attachment":[{"href":"https:\/\/archive.sana.sy\/tr\/index.php?rest_route=%2Fwp%2Fv2%2Fmedia&parent=326622"}],"wp:term":[{"taxonomy":"category","embeddable":true,"href":"https:\/\/archive.sana.sy\/tr\/index.php?rest_route=%2Fwp%2Fv2%2Fcategories&post=326622"},{"taxonomy":"post_tag","embeddable":true,"href":"https:\/\/archive.sana.sy\/tr\/index.php?rest_route=%2Fwp%2Fv2%2Ftags&post=326622"}],"curies":[{"name":"wp","href":"https:\/\/api.w.org\/{rel}","templated":true}]}}