{"id":326628,"date":"2025-07-29T08:22:10","date_gmt":"2025-07-29T05:22:10","guid":{"rendered":"https:\/\/sana.sy\/tr\/?p=326628"},"modified":"2025-07-29T08:22:10","modified_gmt":"2025-07-29T05:22:10","slug":"turk-hava-yollari-halepe-ucuslari-yeniden-baslayacagini-ilan-etti","status":"publish","type":"post","link":"https:\/\/archive.sana.sy\/tr\/?p=326628","title":{"rendered":"T\u00fcrk Hava Yollar\u0131, Halep&#8217;e U\u00e7u\u015flar\u0131 Yeniden Ba\u015flayaca\u011f\u0131n\u0131 \u0130lan Etti"},"content":{"rendered":"<p><span style=\"color: #ff0000;\"><strong>ANKARA\u00a0 (SANA)<\/strong> <\/span>&#8211; T\u00fcrk Hava Yollar\u0131, 1 A\u011fustos&#8217;tan itibaren Suriye&#8217;nin Halep kentine seferlerin yeniden ba\u015flayaca\u011f\u0131n\u0131 ilan etti.<\/p>\n<p>Anadolu Ajans\u0131&#8217;n\u0131n aktard\u0131\u011f\u0131 \u015firket a\u00e7\u0131klamas\u0131na g\u00f6re, \u0130stanbul ile Halep aras\u0131nda her g\u00fcn kar\u015f\u0131l\u0131kl\u0131 seferler ger\u00e7ekle\u015ftirilecek.<\/p>\n<p>A\u00e7\u0131klamada, u\u00e7u\u015flar\u0131n yeniden ba\u015flamas\u0131 nedeniyle gidi\u015f-d\u00f6n\u00fc\u015f biletlerinin 299 dolardan ba\u015flayan fiyatlarla sat\u0131\u015fa sunulaca\u011f\u0131 belirtildi.<\/p>\n","protected":false},"excerpt":{"rendered":"<p>ANKARA\u00a0 (SANA) &#8211; T\u00fcrk Hava Yollar\u0131, 1 A\u011fustos&#8217;tan itibaren Suriye&#8217;nin Halep kentine seferlerin yeniden ba\u015flayaca\u011f\u0131n\u0131 ilan etti. Anadolu Ajans\u0131&#8217;n\u0131n aktard\u0131\u011f\u0131 \u015firket a\u00e7\u0131klamas\u0131na g\u00f6re, \u0130stanbul ile Halep aras\u0131nda her g\u00fcn kar\u015f\u0131l\u0131kl\u0131 seferler ger\u00e7ekle\u015ftirilecek. A\u00e7\u0131klamada, u\u00e7u\u015flar\u0131n yeniden ba\u015flamas\u0131 nedeniyle gidi\u015f-d\u00f6n\u00fc\u015f biletlerinin 299 dolardan ba\u015flayan fiyatlarla sat\u0131\u015fa sunulaca\u011f\u0131 belirtildi.<\/p>\n","protected":false},"author":36,"featured_media":326629,"comment_status":"closed","ping_status":"closed","sticky":false,"template":"","format":"standard","meta":{"footnotes":""},"categories":[458,589,459,17988],"tags":[],"class_list":["post-326628","post","type-post","status-publish","format-standard","has-post-thumbnail","","category-dunya1","category-haber-seridi","category-haberler-arap-uluslararasi-politika","category-son-haberler"],"_links":{"self":[{"href":"https:\/\/archive.sana.sy\/tr\/index.php?rest_route=\/wp\/v2\/posts\/326628","targetHints":{"allow":["GET"]}}],"collection":[{"href":"https:\/\/archive.sana.sy\/tr\/index.php?rest_route=\/wp\/v2\/posts"}],"about":[{"href":"https:\/\/archive.sana.sy\/tr\/index.php?rest_route=\/wp\/v2\/types\/post"}],"author":[{"embeddable":true,"href":"https:\/\/archive.sana.sy\/tr\/index.php?rest_route=\/wp\/v2\/users\/36"}],"replies":[{"embeddable":true,"href":"https:\/\/archive.sana.sy\/tr\/index.php?rest_route=%2Fwp%2Fv2%2Fcomments&post=326628"}],"version-history":[{"count":1,"href":"https:\/\/archive.sana.sy\/tr\/index.php?rest_route=\/wp\/v2\/posts\/326628\/revisions"}],"predecessor-version":[{"id":326630,"href":"https:\/\/archive.sana.sy\/tr\/index.php?rest_route=\/wp\/v2\/posts\/326628\/revisions\/326630"}],"wp:featuredmedia":[{"embeddable":true,"href":"https:\/\/archive.sana.sy\/tr\/index.php?rest_route=\/wp\/v2\/media\/326629"}],"wp:attachment":[{"href":"https:\/\/archive.sana.sy\/tr\/index.php?rest_route=%2Fwp%2Fv2%2Fmedia&parent=326628"}],"wp:term":[{"taxonomy":"category","embeddable":true,"href":"https:\/\/archive.sana.sy\/tr\/index.php?rest_route=%2Fwp%2Fv2%2Fcategories&post=326628"},{"taxonomy":"post_tag","embeddable":true,"href":"https:\/\/archive.sana.sy\/tr\/index.php?rest_route=%2Fwp%2Fv2%2Ftags&post=326628"}],"curies":[{"name":"wp","href":"https:\/\/api.w.org\/{rel}","templated":true}]}}