{"id":326631,"date":"2025-07-29T08:33:40","date_gmt":"2025-07-29T05:33:40","guid":{"rendered":"https:\/\/sana.sy\/tr\/?p=326631"},"modified":"2025-07-29T15:23:34","modified_gmt":"2025-07-29T12:23:34","slug":"abd-temsilcisi-terorle-mucadeleyi-kazanmak-icin-suriye-hukumetine-destek-ve-yardim-saglanmasi-gerektigini-vurguladi","status":"publish","type":"post","link":"https:\/\/archive.sana.sy\/tr\/?p=326631","title":{"rendered":"ABD Temsilcisi, Ter\u00f6rle M\u00fccadeleyi Kazanmak \u0130\u00e7in Suriye H\u00fck\u00fcmetine Destek ve Yard\u0131m Sa\u011flanmas\u0131 Gerekti\u011fini Vurgulad\u0131"},"content":{"rendered":"<hr data-start=\"156\" data-end=\"159\" \/>\n<p style=\"text-align: justify;\" data-start=\"161\" data-end=\"361\"><strong data-start=\"161\" data-end=\"361\"><span style=\"color: #ff0000;\">NEW YORK (SANA)<\/span> \u2014 ABD&#8217;nin Birle\u015fmi\u015f Milletler Daimi Temsilcisi Vekili Dorothy Shea, Suriye h\u00fck\u00fcmetinin ter\u00f6rle m\u00fccadele \u00e7abalar\u0131n\u0131 desteklemenin ve bu konuda i\u015f birli\u011fi yapman\u0131n \u00f6nemini vurgulad\u0131.<\/strong><\/p>\n<p style=\"text-align: justify;\" data-start=\"363\" data-end=\"684\">Reuters\u2019in aktard\u0131\u011f\u0131na g\u00f6re, BM G\u00fcvenlik Konseyi\u2019nin Ortado\u011fu\u2019daki durumla ilgili oturumunda Shea, \u201cSuriye h\u00fck\u00fcmeti, El Kaide ve I\u015e\u0130D ile m\u00fccadelede a\u00e7\u0131k bir taahh\u00fctte bulunmu\u015ftur ve her iki grup da yeni h\u00fck\u00fcmete kar\u015f\u0131 net bir \u015fekilde muhalefet etmektedir. G\u00fcvenlik Konseyi \u00fcyeleri bu tehditleri hafife almamal\u0131d\u0131r\u201d dedi.<\/p>\n<p style=\"text-align: justify;\" data-start=\"686\" data-end=\"883\">Shea ayr\u0131ca, \u201cI\u015e\u0130D ve di\u011fer ter\u00f6r \u00f6rg\u00fctlerinin Suriye\u2019nin k\u00fcresel ekonomiye yeniden entegrasyonundan faydalanamamas\u0131 i\u00e7in b\u00f6lgedeki ortaklar\u0131m\u0131zla i\u015f birli\u011fimizi s\u00fcrd\u00fcrece\u011fiz\u201d ifadelerini kulland\u0131.<\/p>\n<p style=\"text-align: justify;\" data-start=\"885\" data-end=\"1161\">BM G\u00fcvenlik Konseyi \u00fcyelerine, Suriye ile ilgili yapt\u0131klar\u0131 de\u011ferlendirmeleri g\u00f6zden ge\u00e7irme \u00e7a\u011fr\u0131s\u0131nda bulunan Shea, \u201cKonsey, BM yapt\u0131r\u0131mlar\u0131n\u0131n Suriye\u2019nin ya da uluslararas\u0131 toplumun \u00fclkeyi yeniden in\u015fa etme ve istikrar sa\u011flama \u00e7abalar\u0131n\u0131 engellememesini sa\u011flamal\u0131d\u0131r\u201d dedi.<\/p>\n<p style=\"text-align: justify;\" data-start=\"1163\" data-end=\"1386\">T\u00fcrkiye D\u0131\u015fi\u015fleri Bakan Yard\u0131mc\u0131s\u0131 Nuh Y\u0131lmaz ise Anadolu Ajans\u0131\u2019n\u0131n aktard\u0131\u011f\u0131 \u00fczere, BM G\u00fcvenlik Konseyi oturumunda yapt\u0131\u011f\u0131 konu\u015fmada, T\u00fcrkiye\u2019nin Suriye\u2019nin bar\u0131\u015f ve yeniden yap\u0131lanma s\u00fcre\u00e7lerine verdi\u011fi deste\u011fi yineledi.<\/p>\n<p style=\"text-align: justify;\" data-start=\"1388\" data-end=\"1572\">Y\u0131lmaz, gerginli\u011fin azalt\u0131lmas\u0131 ve \u0130srail\u2019in ate\u015fkes ilan etmesinin, Suriye\u2019nin daha fazla istikrara kavu\u015fmas\u0131 ve daha iyi bir gelece\u011fe ilerlemesi i\u00e7in temel \u015fartlar oldu\u011funu belirtti.<\/p>\n<p style=\"text-align: justify;\" data-start=\"1574\" data-end=\"1875\">\u201cBundan sonra gerginli\u011fin azalt\u0131lmas\u0131 ve \u0130srail\u2019in sald\u0131rgan eylemlerine son verilmesi i\u00e7in \u00e7al\u0131\u015fmalar yap\u0131lmas\u0131 \u00f6nemlidir\u201d diyen Y\u0131lmaz, \u0130srail\u2019in son d\u00f6nemde ba\u015fkent \u015eam\u2019a d\u00fczenledi\u011fi sald\u0131r\u0131lar\u0131n ard\u0131ndan hukuk, d\u00fczen ve devlet egemenli\u011fine y\u00f6nelik nefretinin yeni bir boyut kazand\u0131\u011f\u0131n\u0131 ifade etti.<\/p>\n<p style=\"text-align: justify;\" data-start=\"1877\" data-end=\"2212\">Y\u0131lmaz, Suriye\u2019nin g\u00fcneyindeki S\u00fcveyda ilinde ya\u015fanan son olaylarla ilgili olarak da, Suriye h\u00fck\u00fcmetinin b\u00f6lgede s\u00fckuneti sa\u011flama ve sivil kay\u0131plar\u0131 \u00f6nleme \u00e7abalar\u0131n\u0131n desteklenmesi gerekti\u011fini vurgulad\u0131. Ayr\u0131ca, \u0130srail\u2019in Suriye h\u00fck\u00fcmetine y\u00f6nelik haks\u0131z sald\u0131r\u0131lar\u0131 nedeniyle S\u00fcveyda\u2019daki durumun tehlikeli bir hal ald\u0131\u011f\u0131n\u0131 belirtti.<\/p>\n","protected":false},"excerpt":{"rendered":"<p>NEW YORK (SANA) \u2014 ABD&#8217;nin Birle\u015fmi\u015f Milletler Daimi Temsilcisi Vekili Dorothy Shea, Suriye h\u00fck\u00fcmetinin ter\u00f6rle m\u00fccadele \u00e7abalar\u0131n\u0131 desteklemenin ve bu konuda i\u015f birli\u011fi yapman\u0131n \u00f6nemini vurgulad\u0131. Reuters\u2019in aktard\u0131\u011f\u0131na g\u00f6re, BM G\u00fcvenlik Konseyi\u2019nin Ortado\u011fu\u2019daki durumla ilgili oturumunda Shea, \u201cSuriye h\u00fck\u00fcmeti, El Kaide ve I\u015e\u0130D ile m\u00fccadelede a\u00e7\u0131k bir taahh\u00fctte bulunmu\u015ftur ve her iki grup da yeni &hellip;<\/p>\n","protected":false},"author":36,"featured_media":326633,"comment_status":"closed","ping_status":"closed","sticky":false,"template":"","format":"standard","meta":{"footnotes":""},"categories":[458,589,459,17988],"tags":[],"class_list":["post-326631","post","type-post","status-publish","format-standard","has-post-thumbnail","","category-dunya1","category-haber-seridi","category-haberler-arap-uluslararasi-politika","category-son-haberler"],"_links":{"self":[{"href":"https:\/\/archive.sana.sy\/tr\/index.php?rest_route=\/wp\/v2\/posts\/326631","targetHints":{"allow":["GET"]}}],"collection":[{"href":"https:\/\/archive.sana.sy\/tr\/index.php?rest_route=\/wp\/v2\/posts"}],"about":[{"href":"https:\/\/archive.sana.sy\/tr\/index.php?rest_route=\/wp\/v2\/types\/post"}],"author":[{"embeddable":true,"href":"https:\/\/archive.sana.sy\/tr\/index.php?rest_route=\/wp\/v2\/users\/36"}],"replies":[{"embeddable":true,"href":"https:\/\/archive.sana.sy\/tr\/index.php?rest_route=%2Fwp%2Fv2%2Fcomments&post=326631"}],"version-history":[{"count":2,"href":"https:\/\/archive.sana.sy\/tr\/index.php?rest_route=\/wp\/v2\/posts\/326631\/revisions"}],"predecessor-version":[{"id":326667,"href":"https:\/\/archive.sana.sy\/tr\/index.php?rest_route=\/wp\/v2\/posts\/326631\/revisions\/326667"}],"wp:featuredmedia":[{"embeddable":true,"href":"https:\/\/archive.sana.sy\/tr\/index.php?rest_route=\/wp\/v2\/media\/326633"}],"wp:attachment":[{"href":"https:\/\/archive.sana.sy\/tr\/index.php?rest_route=%2Fwp%2Fv2%2Fmedia&parent=326631"}],"wp:term":[{"taxonomy":"category","embeddable":true,"href":"https:\/\/archive.sana.sy\/tr\/index.php?rest_route=%2Fwp%2Fv2%2Fcategories&post=326631"},{"taxonomy":"post_tag","embeddable":true,"href":"https:\/\/archive.sana.sy\/tr\/index.php?rest_route=%2Fwp%2Fv2%2Ftags&post=326631"}],"curies":[{"name":"wp","href":"https:\/\/api.w.org\/{rel}","templated":true}]}}