{"id":326635,"date":"2025-07-29T09:33:19","date_gmt":"2025-07-29T06:33:19","guid":{"rendered":"https:\/\/sana.sy\/tr\/?p=326635"},"modified":"2025-07-30T10:12:12","modified_gmt":"2025-07-30T07:12:12","slug":"el-dahhak-israil-isgali-suriyenin-ulusal-birligini-baltalama-ve-istikrari-saglama-cabalarini-engelleme-girisimlerini-surduruyor","status":"publish","type":"post","link":"https:\/\/archive.sana.sy\/tr\/?p=326635","title":{"rendered":"El Dahhak: \u0130srail \u0130\u015fgali, Suriye&#8217;nin Ulusal Birli\u011fini Baltalama ve \u0130stikrar\u0131 Sa\u011flama \u00c7abalar\u0131n\u0131 Engelleme Giri\u015fimlerini S\u00fcrd\u00fcr\u00fcyor"},"content":{"rendered":"<p style=\"text-align: justify;\" data-start=\"102\" data-end=\"647\"><span style=\"color: #ff0000;\"><strong data-start=\"102\" data-end=\"121\">NEW YORK (SANA)<\/strong> <\/span>\u2013 Suriye\u2019nin Birle\u015fmi\u015f Milletler Daimi Temsilcisi B\u00fcy\u00fckel\u00e7i Kusay El Dahhak, Suriye\u2019nin ciddi ve \u00e7ok y\u00f6nl\u00fc zorluklarla kar\u015f\u0131 kar\u015f\u0131ya oldu\u011funu ve bu durumun, kal\u0131c\u0131 olumlu uluslararas\u0131 angajman ve gerekli deste\u011fin s\u00fcrd\u00fcr\u00fclmesini zorunlu k\u0131ld\u0131\u011f\u0131n\u0131 vurgulad\u0131. El Dahhak, Suriye halk\u0131n\u0131n ulusal birli\u011fine s\u0131k\u0131 s\u0131k\u0131ya ba\u011fl\u0131 oldu\u011funu ve her t\u00fcrl\u00fc ayr\u0131l\u0131k \u00e7\u0131karma giri\u015fimini reddetti\u011fini belirtti. Ayr\u0131ca \u0130srail\u2019in Suriye topraklar\u0131na y\u00f6nelik tekrarlanan sald\u0131r\u0131lar\u0131n\u0131 k\u0131nayarak, sald\u0131r\u0131lar\u0131n derhal durdurulmas\u0131 \u00e7a\u011fr\u0131s\u0131nda bulundu.<\/p>\n<p style=\"text-align: justify;\" data-start=\"649\" data-end=\"1034\">Ortado\u011fu\u2019daki durumu ele alan Birle\u015fmi\u015f Milletler G\u00fcvenlik Konseyi oturumunda konu\u015fan El Dahhak, Suriye\u2019nin karma\u015f\u0131k ve \u00e7ok y\u00f6nl\u00fc zorluklarla y\u00fczle\u015fti\u011fini ifade ederek, bug\u00fcn ve gelecek a\u00e7\u0131s\u0131ndan bu kritik a\u015famada uluslararas\u0131 destek ve angajman\u0131n devam\u0131n\u0131n hayati \u00f6nem ta\u015f\u0131d\u0131\u011f\u0131n\u0131 belirtti. Ayr\u0131ca bu zorluklar\u0131n bir\u00e7o\u011funun son d\u00f6nemde \u00e7e\u015fitli bi\u00e7imlerde ortaya \u00e7\u0131kt\u0131\u011f\u0131na dikkat \u00e7ekti.<\/p>\n<p style=\"text-align: justify;\" data-start=\"1036\" data-end=\"1238\">El Dahhak, \u201cTer\u00f6r \u00f6rg\u00fct\u00fc I\u015e\u0130D, 22 Haziran Pazar g\u00fcn\u00fc \u015eam\u2019\u0131n Duveylia b\u00f6lgesindeki Mar Elias Kilisesi\u2019ni intihar bombac\u0131s\u0131 ile hedef ald\u0131. Sald\u0131r\u0131da onlarca masum Suriyeli \u015fehit d\u00fc\u015ft\u00fc ve yaraland\u0131\u201d dedi.<\/p>\n<p style=\"text-align: justify;\" data-start=\"1240\" data-end=\"1642\">\u201cS\u00f6z konusu hain ter\u00f6r sald\u0131r\u0131s\u0131 sadece kilisedekileri de\u011fil, t\u00fcm Suriyelileri ve ulusal birli\u011fi hedef ald\u0131\u201d diyen El Dahhak, Suriyelilerin sald\u0131r\u0131y\u0131 kesin bir dille reddetti\u011fini ve g\u00fcvenlik g\u00fc\u00e7lerinin sald\u0131r\u0131y\u0131 ger\u00e7ekle\u015ftiren ter\u00f6r h\u00fccresinin \u00fcyelerini tutuklayarak adalete teslim etti\u011fini aktard\u0131. Ter\u00f6rle m\u00fccadeledeki kararl\u0131l\u0131klar\u0131n\u0131 yinelerken, \u00fcye devletleri de bu \u00e7abalara destek olmaya \u00e7a\u011f\u0131rd\u0131.<\/p>\n<p style=\"text-align: justify;\" data-start=\"1644\" data-end=\"2405\">El Dahhak ayr\u0131ca, \u0130srail\u2019in Suriye topraklar\u0131na y\u00f6nelik tekrarlanan sald\u0131r\u0131lar\u0131n\u0131n, Suriye\u2019nin kalk\u0131nma ve halk\u0131n\u0131n umutlar\u0131n\u0131n ger\u00e7ekle\u015fme \u00e7abalar\u0131n\u0131 baltalad\u0131\u011f\u0131n\u0131 vurgulad\u0131. \u0130srail i\u015fgal rejiminin, Suriye ulusal birli\u011fini zedelemek, anla\u015fmazl\u0131klar\u0131 k\u00f6r\u00fcklemek ve g\u00fcvenlik ile istikrar\u0131 engellemek amac\u0131yla yeni i\u015fgal ger\u00e7ekleri dayatmaya devam etti\u011fini belirtti. Bu kapsamda Suriye, G\u00fcvenlik Konseyi, Birle\u015fmi\u015f Milletler ve Genel Sekreterli\u011fi\u2019ne \u0130srail sald\u0131r\u0131lar\u0131n\u0131 k\u0131nama, tekrarlanmalar\u0131n\u0131 \u00f6nleme ve \u0130srail i\u015fgal makamlar\u0131n\u0131 1974 Geri \u00c7ekilme Anla\u015fmas\u0131 kapsam\u0131ndaki y\u00fck\u00fcml\u00fcl\u00fcklerini yerine getirmeye, i\u015fgal etti\u011fi b\u00f6lgelerden g\u00fc\u00e7lerini \u00e7ekmeye ve Birle\u015fmi\u015f Milletler kararlar\u0131 uyar\u0131nca Suriye Golan\u2019\u0131ndaki i\u015fgale son vermeye zorlamalar\u0131 \u00e7a\u011fr\u0131s\u0131nda bulundu.<\/p>\n<p style=\"text-align: justify;\" data-start=\"2407\" data-end=\"2653\">El Dahhak, \u201cSuriye h\u00fck\u00fcmeti, S\u00fcveyda Valili\u011fi\u2019nde ya\u015fanan kanl\u0131 ve ac\u0131 verici olaylardan derin \u00fcz\u00fcnt\u00fc duymakta olup, i\u015fgalci g\u00fc\u00e7lerin bu olaylar\u0131 sald\u0131rganl\u0131k eylemleri ba\u015flatmak i\u00e7in kullanma giri\u015fimlerini kesin bir \u015fekilde reddetmektedir\u201d dedi.<\/p>\n<p style=\"text-align: justify;\" data-start=\"2655\" data-end=\"2965\">\u00dclkesinin S\u00fcveyda\u2019daki t\u00fcm a\u011f\u0131r ihlalleri derin \u00fcz\u00fcnt\u00fcyle kar\u015f\u0131lad\u0131\u011f\u0131n\u0131 ve \u015fiddetle k\u0131nad\u0131\u011f\u0131n\u0131 belirten El Dahhak, hayat\u0131n\u0131 kaybedenlerin ailelerine taziyelerini iletti ve h\u00fck\u00fcmetin \u015fiddeti azaltma, kontrol alt\u0131na alma ile insani yard\u0131mlar\u0131n ula\u015ft\u0131r\u0131lmas\u0131n\u0131 kolayla\u015ft\u0131rma \u00e7abalar\u0131n\u0131 takdir etti\u011fini ifade etti.<\/p>\n<p style=\"text-align: justify;\" data-start=\"2967\" data-end=\"3404\">El Dahhak ayr\u0131ca, Suriye h\u00fck\u00fcmetinin BM kurulu\u015flar\u0131yla koordinasyon halinde, ate\u015fkes ihlallerinin yol a\u00e7t\u0131\u011f\u0131 istikrars\u0131z ve riskli g\u00fcvenlik ortam\u0131na ra\u011fmen BM personeli ve yabanc\u0131 uyruklular\u0131 g\u00fcvenli \u015fekilde tahliye etmeyi ba\u015fard\u0131\u011f\u0131n\u0131 belirtti. H\u00fck\u00fcmetin, Suriye Arap K\u0131z\u0131lay\u0131 arac\u0131l\u0131\u011f\u0131yla insani yard\u0131m ortaklar\u0131yla i\u015f birli\u011fi yaparak \u00e7ok say\u0131da yard\u0131m konvoyunun g\u00f6nderilmesine ve h\u0131zl\u0131 eri\u015fim i\u00e7in pek \u00e7ok onay verdi\u011fine dikkat \u00e7ekti.<\/p>\n<p style=\"text-align: justify;\" data-start=\"3406\" data-end=\"3822\">Benzer \u015fekilde, Suriye\u2019nin Birle\u015fmi\u015f Milletler Daimi Temsilcisi, \u201cSahil Olaylar\u0131\u201dn\u0131 Ara\u015ft\u0131rmak \u0130\u00e7in Ulusal Komisyon\u2019un \u00e7al\u0131\u015fmalar\u0131n\u0131 tamamlay\u0131p raporunu Cumhurba\u015fkan\u0131\u2019na sundu\u011funu a\u00e7\u0131klad\u0131. Komisyonun d\u00fczenledi\u011fi bas\u0131n toplant\u0131s\u0131nda payda\u015flar, \u00e7e\u015fitli uluslararas\u0131 kurulu\u015flar ve BM temsilcileriyle yo\u011fun isti\u015farelerde bulundu\u011funu ve olaylar\u0131n ma\u011fdurlar\u0131n\u0131n ile potansiyel faillerinin say\u0131lar\u0131n\u0131 duyurdu\u011funu bildirdi.<\/p>\n<p style=\"text-align: justify;\" data-start=\"3824\" data-end=\"4069\">Suriye meselesiyle ilgili olarak El Dahhak, Halk Meclisi Se\u00e7imleri Y\u00fcksek Komitesi\u2019nin, eyl\u00fcl ay\u0131nda yap\u0131lmas\u0131 planlanan se\u00e7imlerin \u015fartlar\u0131n\u0131, usullerini ve takvimini i\u00e7eren ge\u00e7ici se\u00e7im sisteminin son halini Cumhurba\u015fkan\u0131\u2019na sundu\u011funu anlatt\u0131.<\/p>\n<p style=\"text-align: justify;\" data-start=\"4071\" data-end=\"4491\">Suriye temsilcisi, uluslararas\u0131 diplomasideki olumlu ivmeye, yapt\u0131r\u0131mlar\u0131n kald\u0131r\u0131lmas\u0131 kararlar\u0131na ve \u00fclkedeki kurumlarla devam eden yap\u0131c\u0131 i\u015f birli\u011fine ra\u011fmen insani durumun k\u00f6t\u00fcle\u015fmeye devam etti\u011fini, Suriyelilerin beklentileriyle uyu\u015fmad\u0131\u011f\u0131n\u0131 kaydetti. Ayr\u0131ca, iklim de\u011fi\u015fikli\u011finin ciddi etkilerine ve insani yard\u0131m plan\u0131na ayr\u0131lan fonun hen\u00fcz %13\u2019\u00fc a\u015famad\u0131\u011f\u0131na dikkat \u00e7ekerek durumun daha da k\u00f6t\u00fcle\u015fti\u011fini belirtti.<\/p>\n<p style=\"text-align: justify;\" data-start=\"4493\" data-end=\"4912\">El Dahhak, \u00fcye devletleri Suriye ile dayan\u0131\u015fmay\u0131 art\u0131rmaya, afet zararlar\u0131n\u0131 azaltmaya, insani ve kalk\u0131nma \u00e7al\u0131\u015fmalar\u0131n\u0131 desteklemeye, s\u00fcrd\u00fcr\u00fclebilir \u00e7\u00f6z\u00fcmler ve yeniden yap\u0131lanma ile kapasite geli\u015ftirmeyi te\u015fvik etmeye \u00e7a\u011f\u0131rd\u0131. Ayr\u0131ca yapt\u0131r\u0131mlar\u0131n kal\u0131c\u0131 olarak kald\u0131r\u0131lmas\u0131, Suriye h\u00fck\u00fcmetiyle tam koordinasyon sa\u011flanmas\u0131 ve \u00fclkenin egemenli\u011fi, birli\u011fi ile toprak b\u00fct\u00fcnl\u00fc\u011f\u00fcne sayg\u0131 g\u00f6sterilmesinin \u00f6nemini vurgulad\u0131.<\/p>\n","protected":false},"excerpt":{"rendered":"<p>NEW YORK (SANA) \u2013 Suriye\u2019nin Birle\u015fmi\u015f Milletler Daimi Temsilcisi B\u00fcy\u00fckel\u00e7i Kusay El Dahhak, Suriye\u2019nin ciddi ve \u00e7ok y\u00f6nl\u00fc zorluklarla kar\u015f\u0131 kar\u015f\u0131ya oldu\u011funu ve bu durumun, kal\u0131c\u0131 olumlu uluslararas\u0131 angajman ve gerekli deste\u011fin s\u00fcrd\u00fcr\u00fclmesini zorunlu k\u0131ld\u0131\u011f\u0131n\u0131 vurgulad\u0131. El Dahhak, Suriye halk\u0131n\u0131n ulusal birli\u011fine s\u0131k\u0131 s\u0131k\u0131ya ba\u011fl\u0131 oldu\u011funu ve her t\u00fcrl\u00fc ayr\u0131l\u0131k \u00e7\u0131karma giri\u015fimini reddetti\u011fini belirtti. Ayr\u0131ca &hellip;<\/p>\n","protected":false},"author":36,"featured_media":326636,"comment_status":"closed","ping_status":"closed","sticky":false,"template":"","format":"standard","meta":{"footnotes":""},"categories":[458,459,17988],"tags":[],"class_list":["post-326635","post","type-post","status-publish","format-standard","has-post-thumbnail","","category-dunya1","category-haberler-arap-uluslararasi-politika","category-son-haberler"],"_links":{"self":[{"href":"https:\/\/archive.sana.sy\/tr\/index.php?rest_route=\/wp\/v2\/posts\/326635","targetHints":{"allow":["GET"]}}],"collection":[{"href":"https:\/\/archive.sana.sy\/tr\/index.php?rest_route=\/wp\/v2\/posts"}],"about":[{"href":"https:\/\/archive.sana.sy\/tr\/index.php?rest_route=\/wp\/v2\/types\/post"}],"author":[{"embeddable":true,"href":"https:\/\/archive.sana.sy\/tr\/index.php?rest_route=\/wp\/v2\/users\/36"}],"replies":[{"embeddable":true,"href":"https:\/\/archive.sana.sy\/tr\/index.php?rest_route=%2Fwp%2Fv2%2Fcomments&post=326635"}],"version-history":[{"count":3,"href":"https:\/\/archive.sana.sy\/tr\/index.php?rest_route=\/wp\/v2\/posts\/326635\/revisions"}],"predecessor-version":[{"id":326661,"href":"https:\/\/archive.sana.sy\/tr\/index.php?rest_route=\/wp\/v2\/posts\/326635\/revisions\/326661"}],"wp:featuredmedia":[{"embeddable":true,"href":"https:\/\/archive.sana.sy\/tr\/index.php?rest_route=\/wp\/v2\/media\/326636"}],"wp:attachment":[{"href":"https:\/\/archive.sana.sy\/tr\/index.php?rest_route=%2Fwp%2Fv2%2Fmedia&parent=326635"}],"wp:term":[{"taxonomy":"category","embeddable":true,"href":"https:\/\/archive.sana.sy\/tr\/index.php?rest_route=%2Fwp%2Fv2%2Fcategories&post=326635"},{"taxonomy":"post_tag","embeddable":true,"href":"https:\/\/archive.sana.sy\/tr\/index.php?rest_route=%2Fwp%2Fv2%2Ftags&post=326635"}],"curies":[{"name":"wp","href":"https:\/\/api.w.org\/{rel}","templated":true}]}}