{"id":326638,"date":"2025-07-29T09:43:51","date_gmt":"2025-07-29T06:43:51","guid":{"rendered":"https:\/\/sana.sy\/tr\/?p=326638"},"modified":"2025-07-30T16:26:12","modified_gmt":"2025-07-30T13:26:12","slug":"dorduncu-yardim-konvoyu-samdan-suveydaya-dogru-yola-cikmaya-hazirlaniyor","status":"publish","type":"post","link":"https:\/\/archive.sana.sy\/tr\/?p=326638","title":{"rendered":"D\u00f6rd\u00fcnc\u00fc Yard\u0131m Konvoyu \u015eam&#8217;dan S\u00fcveyda&#8217;ya Do\u011fru Yola \u00c7\u0131kmaya Haz\u0131rlan\u0131yor"},"content":{"rendered":"<p style=\"text-align: justify;\"><span style=\"color: #ff0000;\"><strong>\u015eAM (SANA)<\/strong> <\/span>&#8211; SANA muhabiri, \u015eam&#8217;dan hareket eden d\u00f6rd\u00fcnc\u00fc yard\u0131m konvoyunun, Dera k\u0131rsal\u0131ndaki Busra El \u015eam insani yard\u0131m ge\u00e7idinden S\u00fcveyda&#8217;ya do\u011fru yola \u00e7\u0131kmaya haz\u0131rland\u0131\u011f\u0131n\u0131 belirtti.<\/p>\n<p style=\"text-align: justify;\">SANA muhabiri, &#8220;22 TIR&#8217;dan olu\u015fan konvoyda 27 bin litre akaryak\u0131t, 2 bin g\u0131da paketi, 2 bin sa\u011fl\u0131k paketi, 10 bin \u015fi\u015fe i\u00e7me suyu, 40 ton un ve t\u0131bbi malzeme bulunuyor&#8221; dedi.<\/p>\n<p style=\"text-align: justify;\">SANA muhabiri ayr\u0131ca,\u00a0 &#8221;Konvoy, Suriye h\u00fck\u00fcmeti, uluslararas\u0131 kurulu\u015flar ve yerel halk\u0131n ortak \u00e7abalar\u0131yla haz\u0131rland\u0131&#8221; ifadelerini kulland\u0131.<\/p>\n<div id='gallery-1' class='gallery galleryid-326638 gallery-columns-2 gallery-size-full'><figure class='gallery-item'>\n\t\t\t<div class='gallery-icon landscape'>\n\t\t\t\t<a href='https:\/\/archive.sana.sy\/tr\/wp-content\/uploads\/2025\/07\/photo_2025-07-29_09-33-15.jpg'><img loading=\"lazy\" decoding=\"async\" width=\"1280\" height=\"853\" src=\"https:\/\/archive.sana.sy\/tr\/wp-content\/uploads\/2025\/07\/photo_2025-07-29_09-33-15.jpg\" class=\"attachment-full size-full\" alt=\"\" srcset=\"https:\/\/archive.sana.sy\/tr\/wp-content\/uploads\/2025\/07\/photo_2025-07-29_09-33-15.jpg 1280w, https:\/\/archive.sana.sy\/tr\/wp-content\/uploads\/2025\/07\/photo_2025-07-29_09-33-15-300x200.jpg 300w, https:\/\/archive.sana.sy\/tr\/wp-content\/uploads\/2025\/07\/photo_2025-07-29_09-33-15-1024x682.jpg 1024w, https:\/\/archive.sana.sy\/tr\/wp-content\/uploads\/2025\/07\/photo_2025-07-29_09-33-15-768x512.jpg 768w\" sizes=\"auto, (max-width: 1280px) 100vw, 1280px\" \/><\/a>\n\t\t\t<\/div><\/figure><figure class='gallery-item'>\n\t\t\t<div class='gallery-icon landscape'>\n\t\t\t\t<a href='https:\/\/archive.sana.sy\/tr\/wp-content\/uploads\/2025\/07\/photo_2025-07-29_09-33-17.jpg'><img loading=\"lazy\" decoding=\"async\" width=\"1280\" height=\"853\" src=\"https:\/\/archive.sana.sy\/tr\/wp-content\/uploads\/2025\/07\/photo_2025-07-29_09-33-17.jpg\" class=\"attachment-full size-full\" alt=\"\" srcset=\"https:\/\/archive.sana.sy\/tr\/wp-content\/uploads\/2025\/07\/photo_2025-07-29_09-33-17.jpg 1280w, https:\/\/archive.sana.sy\/tr\/wp-content\/uploads\/2025\/07\/photo_2025-07-29_09-33-17-300x200.jpg 300w, https:\/\/archive.sana.sy\/tr\/wp-content\/uploads\/2025\/07\/photo_2025-07-29_09-33-17-1024x682.jpg 1024w, https:\/\/archive.sana.sy\/tr\/wp-content\/uploads\/2025\/07\/photo_2025-07-29_09-33-17-768x512.jpg 768w\" sizes=\"auto, (max-width: 1280px) 100vw, 1280px\" \/><\/a>\n\t\t\t<\/div><\/figure>\n\t\t<\/div>\n\n","protected":false},"excerpt":{"rendered":"<p>\u015eAM (SANA) &#8211; SANA muhabiri, \u015eam&#8217;dan hareket eden d\u00f6rd\u00fcnc\u00fc yard\u0131m konvoyunun, Dera k\u0131rsal\u0131ndaki Busra El \u015eam insani yard\u0131m ge\u00e7idinden S\u00fcveyda&#8217;ya do\u011fru yola \u00e7\u0131kmaya haz\u0131rland\u0131\u011f\u0131n\u0131 belirtti. SANA muhabiri, &#8220;22 TIR&#8217;dan olu\u015fan konvoyda 27 bin litre akaryak\u0131t, 2 bin g\u0131da paketi, 2 bin sa\u011fl\u0131k paketi, 10 bin \u015fi\u015fe i\u00e7me suyu, 40 ton un ve t\u0131bbi malzeme bulunuyor&#8221; &hellip;<\/p>\n","protected":false},"author":36,"featured_media":326641,"comment_status":"closed","ping_status":"closed","sticky":false,"template":"","format":"standard","meta":{"footnotes":""},"categories":[589,479,17988,478],"tags":[],"class_list":["post-326638","post","type-post","status-publish","format-standard","has-post-thumbnail","","category-haber-seridi","category-haberler-yerel","category-son-haberler","category-yerel"],"_links":{"self":[{"href":"https:\/\/archive.sana.sy\/tr\/index.php?rest_route=\/wp\/v2\/posts\/326638","targetHints":{"allow":["GET"]}}],"collection":[{"href":"https:\/\/archive.sana.sy\/tr\/index.php?rest_route=\/wp\/v2\/posts"}],"about":[{"href":"https:\/\/archive.sana.sy\/tr\/index.php?rest_route=\/wp\/v2\/types\/post"}],"author":[{"embeddable":true,"href":"https:\/\/archive.sana.sy\/tr\/index.php?rest_route=\/wp\/v2\/users\/36"}],"replies":[{"embeddable":true,"href":"https:\/\/archive.sana.sy\/tr\/index.php?rest_route=%2Fwp%2Fv2%2Fcomments&post=326638"}],"version-history":[{"count":3,"href":"https:\/\/archive.sana.sy\/tr\/index.php?rest_route=\/wp\/v2\/posts\/326638\/revisions"}],"predecessor-version":[{"id":326659,"href":"https:\/\/archive.sana.sy\/tr\/index.php?rest_route=\/wp\/v2\/posts\/326638\/revisions\/326659"}],"wp:featuredmedia":[{"embeddable":true,"href":"https:\/\/archive.sana.sy\/tr\/index.php?rest_route=\/wp\/v2\/media\/326641"}],"wp:attachment":[{"href":"https:\/\/archive.sana.sy\/tr\/index.php?rest_route=%2Fwp%2Fv2%2Fmedia&parent=326638"}],"wp:term":[{"taxonomy":"category","embeddable":true,"href":"https:\/\/archive.sana.sy\/tr\/index.php?rest_route=%2Fwp%2Fv2%2Fcategories&post=326638"},{"taxonomy":"post_tag","embeddable":true,"href":"https:\/\/archive.sana.sy\/tr\/index.php?rest_route=%2Fwp%2Fv2%2Ftags&post=326638"}],"curies":[{"name":"wp","href":"https:\/\/api.w.org\/{rel}","templated":true}]}}