{"id":326643,"date":"2025-07-29T10:24:48","date_gmt":"2025-07-29T07:24:48","guid":{"rendered":"https:\/\/sana.sy\/tr\/?p=326643"},"modified":"2025-07-29T15:20:49","modified_gmt":"2025-07-29T12:20:49","slug":"arap-ulusal-cephesi-ve-sinir-tanimayan-merhamet-orgutunden-iki-heyet-deraya-geldi","status":"publish","type":"post","link":"https:\/\/archive.sana.sy\/tr\/?p=326643","title":{"rendered":"Arap Ulusal Cephesi ve S\u0131n\u0131r Tan\u0131mayan Merhamet \u00d6rg\u00fct\u00fc&#8217;nden \u0130ki Heyet Dera&#8217;ya Geldi"},"content":{"rendered":"<p style=\"text-align: justify;\"><span style=\"color: #ff0000;\"><strong>DERA (SANA)<\/strong> <\/span>&#8211;<strong data-start=\"153\" data-end=\"401\">\u00a0Arap Ulusal Cephesi ile S\u0131n\u0131r Tan\u0131mayan Merhamet \u00d6rg\u00fct\u00fc\u2019nden iki heyet, Sa\u011fl\u0131k Bakanl\u0131\u011f\u0131 \u0130nsani Eylem Ofisi koordinasyonunda t\u0131bbi yard\u0131m sa\u011flamak ve ildeki sa\u011fl\u0131k durumunu de\u011ferlendirmek amac\u0131yla d\u00fcn Dera vilayetini ziyaret etti.<\/strong><\/p>\n<p style=\"text-align: justify;\" data-start=\"403\" data-end=\"784\">Arap Ulusal Cephesi heyeti, ziyaretine Dera Sa\u011fl\u0131k M\u00fcd\u00fcrl\u00fc\u011f\u00fc binas\u0131n\u0131 ziyaret ederek ba\u015flad\u0131. Burada hastane ve sa\u011fl\u0131k merkezlerinin \u00e7al\u0131\u015fmalar\u0131n\u0131 desteklemek \u00fczere \u00e7e\u015fitli t\u0131bbi malzemeler teslim etti. Heyet, ard\u0131ndan yaral\u0131lar\u0131n durumunu de\u011ferlendirmek ve mevcut ko\u015fullar gere\u011fi acil servis ile tedavi b\u00f6l\u00fcmlerinin ihtiya\u00e7lar\u0131n\u0131 tespit etmek \u00fczere Dera Ulusal Hastanesi\u2019ne ge\u00e7ti.<\/p>\n<p style=\"text-align: justify;\" data-start=\"786\" data-end=\"1129\">Ayn\u0131 \u00e7er\u00e7evede, Dera Sa\u011fl\u0131k M\u00fcd\u00fcr\u00fc Dr. Ziad El Mahamid, S\u0131n\u0131r Tan\u0131mayan Merhamet \u00d6rg\u00fct\u00fc heyetiyle sa\u011fl\u0131k sekt\u00f6r\u00fcn\u00fc destekleme konusunda i\u015f birli\u011fi imkanlar\u0131n\u0131 g\u00f6r\u00fc\u015ferek, b\u00f6lge halk\u0131na t\u0131bbi bak\u0131m sa\u011flamaya katk\u0131da bulunma olas\u0131l\u0131\u011f\u0131n\u0131 ele ald\u0131. Ayr\u0131ca, hasar g\u00f6ren baz\u0131 tesislerin bak\u0131m ve onar\u0131m \u00e7al\u0131\u015fmalar\u0131na kat\u0131l\u0131m ihtimali de\u011ferlendirildi.<\/p>\n<p style=\"text-align: justify;\" data-start=\"1131\" data-end=\"1387\">Dr. El Mahamid, SANA muhabirine yapt\u0131\u011f\u0131 a\u00e7\u0131klamada, bu t\u00fcr desteklerin sa\u011fl\u0131k tesislerinin haz\u0131rl\u0131k seviyesinin art\u0131r\u0131lmas\u0131na \u00f6nemli katk\u0131 sa\u011flad\u0131\u011f\u0131n\u0131, \u00f6zellikle k\u0131rsal b\u00f6lgelerdeki kaynak ve imkan eksikliklerinin giderilmesine yard\u0131mc\u0131 oldu\u011funu vurgulad\u0131.<\/p>\n<p style=\"text-align: justify;\" data-start=\"1389\" data-end=\"1784\">El Mahamid s\u00f6zlerine \u015f\u00f6yle devam etti: \u201cSa\u011fl\u0131k M\u00fcd\u00fcrl\u00fc\u011f\u00fc olarak, sa\u011fl\u0131k merkezleri ve hastanelerin altyap\u0131s\u0131n\u0131 modernize etmek ve mevcut imkanlar dahilinde entegre hizmet sunmak amac\u0131yla Sa\u011fl\u0131k Bakanl\u0131\u011f\u0131 ve uluslararas\u0131 kurulu\u015flarla koordineli \u015fekilde \u00e7al\u0131\u015f\u0131yoruz. Bu \u00e7al\u0131\u015fmalar\u0131n, vatanda\u015flar\u0131n sa\u011fl\u0131k durumunu iyile\u015ftirece\u011fine ve kendilerine sunulan hizmet kalitesini art\u0131raca\u011f\u0131na inan\u0131yoruz.\u201d<\/p>\n","protected":false},"excerpt":{"rendered":"<p>DERA (SANA) &#8211;\u00a0Arap Ulusal Cephesi ile S\u0131n\u0131r Tan\u0131mayan Merhamet \u00d6rg\u00fct\u00fc\u2019nden iki heyet, Sa\u011fl\u0131k Bakanl\u0131\u011f\u0131 \u0130nsani Eylem Ofisi koordinasyonunda t\u0131bbi yard\u0131m sa\u011flamak ve ildeki sa\u011fl\u0131k durumunu de\u011ferlendirmek amac\u0131yla d\u00fcn Dera vilayetini ziyaret etti. Arap Ulusal Cephesi heyeti, ziyaretine Dera Sa\u011fl\u0131k M\u00fcd\u00fcrl\u00fc\u011f\u00fc binas\u0131n\u0131 ziyaret ederek ba\u015flad\u0131. Burada hastane ve sa\u011fl\u0131k merkezlerinin \u00e7al\u0131\u015fmalar\u0131n\u0131 desteklemek \u00fczere \u00e7e\u015fitli t\u0131bbi malzemeler &hellip;<\/p>\n","protected":false},"author":36,"featured_media":326645,"comment_status":"closed","ping_status":"closed","sticky":false,"template":"","format":"standard","meta":{"footnotes":""},"categories":[589,479,17988,478],"tags":[],"class_list":["post-326643","post","type-post","status-publish","format-standard","has-post-thumbnail","","category-haber-seridi","category-haberler-yerel","category-son-haberler","category-yerel"],"_links":{"self":[{"href":"https:\/\/archive.sana.sy\/tr\/index.php?rest_route=\/wp\/v2\/posts\/326643","targetHints":{"allow":["GET"]}}],"collection":[{"href":"https:\/\/archive.sana.sy\/tr\/index.php?rest_route=\/wp\/v2\/posts"}],"about":[{"href":"https:\/\/archive.sana.sy\/tr\/index.php?rest_route=\/wp\/v2\/types\/post"}],"author":[{"embeddable":true,"href":"https:\/\/archive.sana.sy\/tr\/index.php?rest_route=\/wp\/v2\/users\/36"}],"replies":[{"embeddable":true,"href":"https:\/\/archive.sana.sy\/tr\/index.php?rest_route=%2Fwp%2Fv2%2Fcomments&post=326643"}],"version-history":[{"count":3,"href":"https:\/\/archive.sana.sy\/tr\/index.php?rest_route=\/wp\/v2\/posts\/326643\/revisions"}],"predecessor-version":[{"id":326666,"href":"https:\/\/archive.sana.sy\/tr\/index.php?rest_route=\/wp\/v2\/posts\/326643\/revisions\/326666"}],"wp:featuredmedia":[{"embeddable":true,"href":"https:\/\/archive.sana.sy\/tr\/index.php?rest_route=\/wp\/v2\/media\/326645"}],"wp:attachment":[{"href":"https:\/\/archive.sana.sy\/tr\/index.php?rest_route=%2Fwp%2Fv2%2Fmedia&parent=326643"}],"wp:term":[{"taxonomy":"category","embeddable":true,"href":"https:\/\/archive.sana.sy\/tr\/index.php?rest_route=%2Fwp%2Fv2%2Fcategories&post=326643"},{"taxonomy":"post_tag","embeddable":true,"href":"https:\/\/archive.sana.sy\/tr\/index.php?rest_route=%2Fwp%2Fv2%2Ftags&post=326643"}],"curies":[{"name":"wp","href":"https:\/\/api.w.org\/{rel}","templated":true}]}}