{"id":326647,"date":"2025-07-29T10:31:17","date_gmt":"2025-07-29T07:31:17","guid":{"rendered":"https:\/\/sana.sy\/tr\/?p=326647"},"modified":"2025-07-29T15:15:53","modified_gmt":"2025-07-29T12:15:53","slug":"a3-grubu-uluslararasi-toplumu-israilin-suriye-topraklarina-yonelik-saldirilarina-son-vermeye-cagirdi","status":"publish","type":"post","link":"https:\/\/archive.sana.sy\/tr\/?p=326647","title":{"rendered":"A3+ Grubu, Uluslararas\u0131 Toplumu \u0130srail&#8217;in Suriye Topraklar\u0131na Y\u00f6nelik Sald\u0131r\u0131lar\u0131na Son Vermeye \u00c7a\u011f\u0131rd\u0131"},"content":{"rendered":"<p style=\"text-align: justify;\" data-start=\"117\" data-end=\"293\"><span style=\"color: #ff0000;\"><strong data-start=\"117\" data-end=\"136\">NEW YORK (SANA)<\/strong> <\/span>\u2013 Cezayir, Somali, Sierra Leone ve Guyana\u2019dan olu\u015fan A3+ grubu, uluslararas\u0131 toplumu \u0130srail\u2019in Suriye\u2019ye y\u00f6nelik ihlal ve sald\u0131r\u0131lar\u0131na son vermeye \u00e7a\u011f\u0131rd\u0131.<\/p>\n<p style=\"text-align: justify;\" data-start=\"295\" data-end=\"794\">Cezayir Haber Ajans\u0131&#8217;n\u0131n aktard\u0131\u011f\u0131na g\u00f6re, Cezayir\u2019in Birle\u015fmi\u015f Milletler Daimi Temsilcisi Amar Benjamaa, d\u00fcn BM G\u00fcvenlik Konseyi\u2019nde Ortado\u011fu\u2019daki durumla ilgili d\u00fczenlenen oturumda yapt\u0131\u011f\u0131 a\u00e7\u0131klamada, grubun \u201c\u0130srail\u2019in, BM \u015eart\u0131 da dahil olmak \u00fczere uluslararas\u0131 hukuku ihlal ederek Suriye topraklar\u0131na y\u00f6nelik ger\u00e7ekle\u015ftirdi\u011fi sald\u0131rganl\u0131\u011f\u0131 en g\u00fc\u00e7l\u00fc \u015fekilde k\u0131nad\u0131\u011f\u0131n\u0131\u201d belirtti. A\u00e7\u0131klamada, 1974 tarihli \u00c7at\u0131\u015fmay\u0131 Durdurma Anla\u015fmas\u0131\u2019n\u0131n tam anlam\u0131yla uygulanmas\u0131n\u0131n gereklili\u011fine dikkat \u00e7ekildi.<\/p>\n<p style=\"text-align: justify;\" data-start=\"796\" data-end=\"1095\">Grup, \u201c\u0130\u015fgal alt\u0131ndaki Golan Tepeleri, BM G\u00fcvenlik Konseyi\u2019nin 497 say\u0131l\u0131 karar\u0131 uyar\u0131nca uluslararas\u0131 hukuka g\u00f6re Suriye topra\u011f\u0131d\u0131r\u201d ifadesini kullanarak, uluslararas\u0131 toplumu \u0130srail\u2019in Suriye topraklar\u0131na y\u00f6nelik sald\u0131r\u0131lar\u0131na son vermeye ve i\u015fgal alt\u0131ndaki topraklardan tamamen \u00e7ekilmeye \u00e7a\u011f\u0131rd\u0131.<\/p>\n<p style=\"text-align: justify;\" data-start=\"1097\" data-end=\"1260\">Ayr\u0131ca grup, t\u00fcm Suriyelilerin me\u015fru taleplerini yans\u0131tan, Suriyelilerin \u00f6nc\u00fcl\u00fc\u011f\u00fcnde ve sahipli\u011finde ger\u00e7ekle\u015fecek bir siyasi ge\u00e7i\u015f s\u00fcrecine desteklerini yineledi.<\/p>\n<p style=\"text-align: justify;\" data-start=\"1262\" data-end=\"1482\">Grup, Suriye\u2019nin egemenli\u011fi, birli\u011fi ve ba\u011f\u0131ms\u0131zl\u0131\u011f\u0131na deste\u011fini teyit ederken, b\u00f6lgesel ve uluslararas\u0131 akt\u00f6rleri, Suriye\u2019nin toparlanmas\u0131 ve s\u00fcrd\u00fcr\u00fclebilir kalk\u0131nmas\u0131n\u0131n sa\u011flanmas\u0131 i\u00e7in \u00e7abalar\u0131n\u0131 art\u0131rmaya davet etti.<\/p>\n","protected":false},"excerpt":{"rendered":"<p>NEW YORK (SANA) \u2013 Cezayir, Somali, Sierra Leone ve Guyana\u2019dan olu\u015fan A3+ grubu, uluslararas\u0131 toplumu \u0130srail\u2019in Suriye\u2019ye y\u00f6nelik ihlal ve sald\u0131r\u0131lar\u0131na son vermeye \u00e7a\u011f\u0131rd\u0131. Cezayir Haber Ajans\u0131&#8217;n\u0131n aktard\u0131\u011f\u0131na g\u00f6re, Cezayir\u2019in Birle\u015fmi\u015f Milletler Daimi Temsilcisi Amar Benjamaa, d\u00fcn BM G\u00fcvenlik Konseyi\u2019nde Ortado\u011fu\u2019daki durumla ilgili d\u00fczenlenen oturumda yapt\u0131\u011f\u0131 a\u00e7\u0131klamada, grubun \u201c\u0130srail\u2019in, BM \u015eart\u0131 da dahil olmak \u00fczere &hellip;<\/p>\n","protected":false},"author":36,"featured_media":326648,"comment_status":"closed","ping_status":"closed","sticky":false,"template":"","format":"standard","meta":{"footnotes":""},"categories":[458,589,459,17988],"tags":[],"class_list":["post-326647","post","type-post","status-publish","format-standard","has-post-thumbnail","","category-dunya1","category-haber-seridi","category-haberler-arap-uluslararasi-politika","category-son-haberler"],"_links":{"self":[{"href":"https:\/\/archive.sana.sy\/tr\/index.php?rest_route=\/wp\/v2\/posts\/326647","targetHints":{"allow":["GET"]}}],"collection":[{"href":"https:\/\/archive.sana.sy\/tr\/index.php?rest_route=\/wp\/v2\/posts"}],"about":[{"href":"https:\/\/archive.sana.sy\/tr\/index.php?rest_route=\/wp\/v2\/types\/post"}],"author":[{"embeddable":true,"href":"https:\/\/archive.sana.sy\/tr\/index.php?rest_route=\/wp\/v2\/users\/36"}],"replies":[{"embeddable":true,"href":"https:\/\/archive.sana.sy\/tr\/index.php?rest_route=%2Fwp%2Fv2%2Fcomments&post=326647"}],"version-history":[{"count":2,"href":"https:\/\/archive.sana.sy\/tr\/index.php?rest_route=\/wp\/v2\/posts\/326647\/revisions"}],"predecessor-version":[{"id":326664,"href":"https:\/\/archive.sana.sy\/tr\/index.php?rest_route=\/wp\/v2\/posts\/326647\/revisions\/326664"}],"wp:featuredmedia":[{"embeddable":true,"href":"https:\/\/archive.sana.sy\/tr\/index.php?rest_route=\/wp\/v2\/media\/326648"}],"wp:attachment":[{"href":"https:\/\/archive.sana.sy\/tr\/index.php?rest_route=%2Fwp%2Fv2%2Fmedia&parent=326647"}],"wp:term":[{"taxonomy":"category","embeddable":true,"href":"https:\/\/archive.sana.sy\/tr\/index.php?rest_route=%2Fwp%2Fv2%2Fcategories&post=326647"},{"taxonomy":"post_tag","embeddable":true,"href":"https:\/\/archive.sana.sy\/tr\/index.php?rest_route=%2Fwp%2Fv2%2Ftags&post=326647"}],"curies":[{"name":"wp","href":"https:\/\/api.w.org\/{rel}","templated":true}]}}